{"id":112342,"date":"2026-09-02T05:23:03","date_gmt":"2026-09-02T11:23:03","guid":{"rendered":"https:\/\/elinformante.mx\/?p=112342"},"modified":"2026-09-02T05:23:10","modified_gmt":"2026-09-02T11:23:10","slug":"maleta-cargada-de-droga-casi-5-kilos-de-ketamina-sacuden-cancun","status":"publish","type":"post","link":"https:\/\/elinformante.mx\/?p=112342","title":{"rendered":"\u00a1Maleta cargada de droga! Casi 5 kilos de ketamina sacuden Canc\u00fan"},"content":{"rendered":"\n<figure class=\"wp-block-pullquote\"><blockquote><p>Gustavo \u201cN\u201d, procedente de Espa\u00f1a, fue vinculado a proceso y enviado a prisi\u00f3n preventiva tras el hallazgo de la sustancia en una maleta abandonada en el \u00e1rea de Aduana.<\/p><\/blockquote><\/figure>\n\n\n\n<p class=\"has-drop-cap wp-block-paragraph\">Una maleta abandonada en el Aeropuerto Internacional de Canc\u00fan desat\u00f3 una investigaci\u00f3n federal luego de que autoridades localizaran en su interior casi cinco kilos de ketamina.<br><\/p>\n\n\n\n<p class=\"wp-block-paragraph\">La Fiscal\u00eda General de la Rep\u00fablica (FGR) inform\u00f3 que la sustancia, con un peso de 4 kilos 932 gramos 6 miligramos, fue localizada por elementos de la Guardia Nacional en el \u00e1rea de la Aduana del recinto fiscal.<br><\/p>\n\n\n\n<figure class=\"wp-block-image size-large\"><img fetchpriority=\"high\" decoding=\"async\" width=\"1024\" height=\"506\" src=\"https:\/\/elinformante.mx\/wp-content\/uploads\/2026\/09\/13maleta-1024x506.jpeg\" alt=\"\" class=\"wp-image-112349\" srcset=\"https:\/\/elinformante.mx\/wp-content\/uploads\/2026\/09\/13maleta-1024x506.jpeg 1024w, https:\/\/elinformante.mx\/wp-content\/uploads\/2026\/09\/13maleta-300x148.jpeg 300w, https:\/\/elinformante.mx\/wp-content\/uploads\/2026\/09\/13maleta-767x379.jpeg 767w, https:\/\/elinformante.mx\/wp-content\/uploads\/2026\/09\/13maleta.jpeg 1140w\" sizes=\"(max-width: 1024px) 100vw, 1024px\" \/><\/figure>\n\n\n\n<p class=\"wp-block-paragraph\">Dentro del equipaje tambi\u00e9n fueron encontrados un pasaporte y documentos a nombre de Gustavo \u201cN\u201d, quien habr\u00eda realizado un viaje procedente de Espa\u00f1a. Con estos elementos, el Ministerio P\u00fablico Federal inici\u00f3 las indagatorias correspondientes.<br><\/p>\n\n\n\n<p class=\"wp-block-paragraph\">Tras la audiencia inicial, un juez de control determin\u00f3 vincularlo a proceso por su probable participaci\u00f3n en un delito contra la salud y le impuso prisi\u00f3n preventiva, por lo que permanecer\u00e1 en el CERESO de Benito Ju\u00e1rez.<br><\/p>\n\n\n\n<figure class=\"wp-block-image size-large\"><img decoding=\"async\" width=\"1024\" height=\"506\" src=\"https:\/\/elinformante.mx\/wp-content\/uploads\/2026\/09\/13maleta-2-1024x506.jpeg\" alt=\"\" class=\"wp-image-112350\" srcset=\"https:\/\/elinformante.mx\/wp-content\/uploads\/2026\/09\/13maleta-2-1024x506.jpeg 1024w, https:\/\/elinformante.mx\/wp-content\/uploads\/2026\/09\/13maleta-2-300x148.jpeg 300w, https:\/\/elinformante.mx\/wp-content\/uploads\/2026\/09\/13maleta-2-767x379.jpeg 767w, https:\/\/elinformante.mx\/wp-content\/uploads\/2026\/09\/13maleta-2.jpeg 1140w\" sizes=\"(max-width: 1024px) 100vw, 1024px\" \/><\/figure>\n\n\n\n<p class=\"wp-block-paragraph\">El juez estableci\u00f3 adem\u00e1s un plazo de tres meses para el cierre de la investigaci\u00f3n complementaria.<br><\/p>\n\n\n\n<p class=\"wp-block-paragraph\">Gustavo \u201cN\u201d es considerado inocente mientras no exista una sentencia condenatoria emitida por la autoridad judicial competente.<\/p>\n","protected":false},"excerpt":{"rendered":"<p>Gustavo \u201cN\u201d, procedente de Espa\u00f1a, fue vinculado a proceso y enviado a prisi\u00f3n preventiva tras el hallazgo de la sustancia en una maleta abandonada en el \u00e1rea de Aduana. Una maleta abandonada en el Aeropuerto Internacional de Canc\u00fan desat\u00f3 una investigaci\u00f3n federal luego de que autoridades localizaran en su interior casi cinco kilos de ketamina. [&hellip;]<\/p>\n","protected":false},"author":1,"featured_media":112348,"comment_status":"closed","ping_status":"closed","sticky":false,"template":"","format":"standard","meta":{"footnotes":""},"categories":[37,34],"tags":[],"class_list":["post-112342","post","type-post","status-publish","format-standard","has-post-thumbnail","hentry","category-justicia","category-nacional"],"_links":{"self":[{"href":"https:\/\/elinformante.mx\/index.php?rest_route=\/wp\/v2\/posts\/112342","targetHints":{"allow":["GET"]}}],"collection":[{"href":"https:\/\/elinformante.mx\/index.php?rest_route=\/wp\/v2\/posts"}],"about":[{"href":"https:\/\/elinformante.mx\/index.php?rest_route=\/wp\/v2\/types\/post"}],"author":[{"embeddable":true,"href":"https:\/\/elinformante.mx\/index.php?rest_route=\/wp\/v2\/users\/1"}],"replies":[{"embeddable":true,"href":"https:\/\/elinformante.mx\/index.php?rest_route=%2Fwp%2Fv2%2Fcomments&post=112342"}],"version-history":[{"count":112351,"href":"https:\/\/elinformante.mx\/index.php?rest_route=\/wp\/v2\/posts\/112342\/revisions"}],"predecessor-version":[{"id":112351,"href":"https:\/\/elinformante.mx\/index.php?rest_route=\/wp\/v2\/posts\/112342\/revisions\/112351"}],"wp:featuredmedia":[{"embeddable":true,"href":"https:\/\/elinformante.mx\/index.php?rest_route=\/wp\/v2\/media\/112348"}],"wp:attachment":[{"href":"https:\/\/elinformante.mx\/index.php?rest_route=%2Fwp%2Fv2%2Fmedia&parent=112342"}],"wp:term":[{"taxonomy":"category","embeddable":true,"href":"https:\/\/elinformante.mx\/index.php?rest_route=%2Fwp%2Fv2%2Fcategories&post=112342"},{"taxonomy":"post_tag","embeddable":true,"href":"https:\/\/elinformante.mx\/index.php?rest_route=%2Fwp%2Fv2%2Ftags&post=112342"}],"curies":[{"name":"wp","href":"https:\/\/api.w.org\/{rel}","templated":true}]}}