{"id":112352,"date":"2026-09-02T05:26:46","date_gmt":"2026-09-02T11:26:46","guid":{"rendered":"https:\/\/elinformante.mx\/?p=112352"},"modified":"2026-09-02T05:26:53","modified_gmt":"2026-09-02T11:26:53","slug":"se-nego-a-pagar-y-lo-mataron-exigian-150-mil-tres-acaban-tras-las-rejas-en-ecatepec","status":"publish","type":"post","link":"https:\/\/elinformante.mx\/?p=112352","title":{"rendered":"\u00a1Se neg\u00f3 a pagar y lo mataron! Exig\u00edan $150 mil; tres acaban tras las rejas en Ecatepec"},"content":{"rendered":"\n<figure class=\"wp-block-pullquote\"><blockquote><p>Brayan \u201cN\u201d, Juan Carlos \u201cN\u201d y Brandon \u201cN\u201d fueron ingresados a prisi\u00f3n; son investigados por su presunta participaci\u00f3n en el ataque que termin\u00f3 con la vida de una v\u00edctima.<\/p><\/blockquote><\/figure>\n\n\n\n<p class=\"has-drop-cap wp-block-paragraph\">Una negativa a pagar 150 mil pesos de extorsi\u00f3n habr\u00eda desatado una violenta agresi\u00f3n que termin\u00f3 con una persona muerta en Ecatepec.<br><\/p>\n\n\n\n<p class=\"wp-block-paragraph\">Los hechos ocurrieron el pasado 27 de agosto en la avenida de las Torres, colonia Santa Mar\u00eda Chiconautla, donde un grupo de aproximadamente 25 personas habr\u00eda llegado para exigir a la v\u00edctima dinero a cambio de dejarla trabajar en su negocio.<br><\/p>\n\n\n\n<p class=\"wp-block-paragraph\">De acuerdo con las primeras investigaciones de la Fiscal\u00eda General de Justicia del Estado de M\u00e9xico (FGJEM), ante la negativa del afectado, varios de los agresores comenzaron a golpearlo junto con sus acompa\u00f1antes. En medio del ataque, uno de los involucrados habr\u00eda sacado un arma de fuego y disparado contra la v\u00edctima, quien muri\u00f3 a consecuencia de las lesiones.<br><\/p>\n\n\n\n<p class=\"wp-block-paragraph\">Al sitio llegaron polic\u00edas municipales, quienes intentaron detener a uno de los sospechosos, pero fueron recibidos a balazos. Uno de los agentes result\u00f3 herido por disparo de arma de fuego.<br><\/p>\n\n\n\n<p class=\"wp-block-paragraph\">Finalmente, Brayan \u201cN\u201d, Juan Carlos \u201cN\u201d y Brandon \u201cN\u201d fueron detenidos e ingresados a un Centro Penitenciario y de Reinserci\u00f3n Social, donde quedaron a disposici\u00f3n de un juez, quien determinar\u00e1 su situaci\u00f3n jur\u00eddica.<br><\/p>\n\n\n\n<p class=\"wp-block-paragraph\">Los tres sujetos son considerados inocentes mientras no exista una sentencia condenatoria en su contra.<\/p>\n","protected":false},"excerpt":{"rendered":"<p>Brayan \u201cN\u201d, Juan Carlos \u201cN\u201d y Brandon \u201cN\u201d fueron ingresados a prisi\u00f3n; son investigados por su presunta participaci\u00f3n en el ataque que termin\u00f3 con la vida de una v\u00edctima. Una negativa a pagar 150 mil pesos de extorsi\u00f3n habr\u00eda desatado una violenta agresi\u00f3n que termin\u00f3 con una persona muerta en Ecatepec. Los hechos ocurrieron el [&hellip;]<\/p>\n","protected":false},"author":1,"featured_media":112357,"comment_status":"closed","ping_status":"closed","sticky":false,"template":"","format":"standard","meta":{"footnotes":""},"categories":[30,36,37],"tags":[],"class_list":["post-112352","post","type-post","status-publish","format-standard","has-post-thumbnail","hentry","category-destacado","category-edomex","category-justicia"],"_links":{"self":[{"href":"https:\/\/elinformante.mx\/index.php?rest_route=\/wp\/v2\/posts\/112352","targetHints":{"allow":["GET"]}}],"collection":[{"href":"https:\/\/elinformante.mx\/index.php?rest_route=\/wp\/v2\/posts"}],"about":[{"href":"https:\/\/elinformante.mx\/index.php?rest_route=\/wp\/v2\/types\/post"}],"author":[{"embeddable":true,"href":"https:\/\/elinformante.mx\/index.php?rest_route=\/wp\/v2\/users\/1"}],"replies":[{"embeddable":true,"href":"https:\/\/elinformante.mx\/index.php?rest_route=%2Fwp%2Fv2%2Fcomments&post=112352"}],"version-history":[{"count":112358,"href":"https:\/\/elinformante.mx\/index.php?rest_route=\/wp\/v2\/posts\/112352\/revisions"}],"predecessor-version":[{"id":112358,"href":"https:\/\/elinformante.mx\/index.php?rest_route=\/wp\/v2\/posts\/112352\/revisions\/112358"}],"wp:featuredmedia":[{"embeddable":true,"href":"https:\/\/elinformante.mx\/index.php?rest_route=\/wp\/v2\/media\/112357"}],"wp:attachment":[{"href":"https:\/\/elinformante.mx\/index.php?rest_route=%2Fwp%2Fv2%2Fmedia&parent=112352"}],"wp:term":[{"taxonomy":"category","embeddable":true,"href":"https:\/\/elinformante.mx\/index.php?rest_route=%2Fwp%2Fv2%2Fcategories&post=112352"},{"taxonomy":"post_tag","embeddable":true,"href":"https:\/\/elinformante.mx\/index.php?rest_route=%2Fwp%2Fv2%2Ftags&post=112352"}],"curies":[{"name":"wp","href":"https:\/\/api.w.org\/{rel}","templated":true}]}}