{"id":112356,"date":"2026-09-02T05:29:38","date_gmt":"2026-09-02T11:29:38","guid":{"rendered":"https:\/\/elinformante.mx\/?p=112356"},"modified":"2026-09-02T05:29:40","modified_gmt":"2026-09-02T11:29:40","slug":"ana-muniz-es-reconocida-por-el-sector-inmobiliario-por-impulsar-un-san-mateo-atenco-con-certeza-y-crecimiento","status":"publish","type":"post","link":"https:\/\/elinformante.mx\/?p=112356","title":{"rendered":"Ana Mu\u00f1iz es reconocida por el Sector inmobiliario por impulsar un San Mateo Atenco con certeza y crecimiento"},"content":{"rendered":"\n<figure class=\"wp-block-pullquote\"><blockquote><p>La administraci\u00f3n municipal fortalece condiciones para invertir, vivir con seguridad y contar con mejores servicios p\u00fablicos.<\/p><\/blockquote><\/figure>\n\n\n\n<p class=\"has-drop-cap wp-block-paragraph\">La Asociaci\u00f3n Inmobiliaria del Estado de M\u00e9xico (SUMA) reconoci\u00f3 la labor de la Presidenta Municipal de San Mateo Atenco, Ana Mu\u00f1iz Neyra, y las acciones emprendidas por su administraci\u00f3n para generar condiciones favorables para la inversi\u00f3n, la seguridad y el bienestar de las familias.<br><\/p>\n\n\n\n<p class=\"wp-block-paragraph\">Durante el encuentro, la alcaldesa destac\u00f3 la importancia de sumar esfuerzos con quienes contribuyen al desarrollo econ\u00f3mico del municipio y promueven a San Mateo Atenco como un lugar con certeza jur\u00eddica, servicios p\u00fablicos de calidad y mejores condiciones de vida.<br><\/p>\n\n\n\n<figure class=\"wp-block-image size-large\"><img fetchpriority=\"high\" decoding=\"async\" width=\"1024\" height=\"506\" src=\"https:\/\/elinformante.mx\/wp-content\/uploads\/2026\/09\/12MATEO-1-1024x506.jpg\" alt=\"\" class=\"wp-image-112361\" srcset=\"https:\/\/elinformante.mx\/wp-content\/uploads\/2026\/09\/12MATEO-1-1024x506.jpg 1024w, https:\/\/elinformante.mx\/wp-content\/uploads\/2026\/09\/12MATEO-1-300x148.jpg 300w, https:\/\/elinformante.mx\/wp-content\/uploads\/2026\/09\/12MATEO-1-767x379.jpg 767w, https:\/\/elinformante.mx\/wp-content\/uploads\/2026\/09\/12MATEO-1.jpg 1140w\" sizes=\"(max-width: 1024px) 100vw, 1024px\" \/><\/figure>\n\n\n\n<p class=\"wp-block-paragraph\">La Asociaci\u00f3n Inmobiliaria resalt\u00f3 la relevancia de fortalecer y profesionalizar al sector mediante la capacitaci\u00f3n continua en materia legal, fiscal, comercial y tecnol\u00f3gica, as\u00ed como mediante la promoci\u00f3n de pr\u00e1cticas \u00e9ticas y de calidad en las operaciones inmobiliarias.<br><\/p>\n\n\n\n<p class=\"wp-block-paragraph\">En este sentido, se subray\u00f3 que la formalizaci\u00f3n de los procesos de compra, venta y arrendamiento de inmuebles permite brindar mayor certeza y seguridad tanto a los clientes como a quienes participan en el sector.<br><\/p>\n\n\n\n<p class=\"wp-block-paragraph\">Ana Mu\u00f1iz Neyra refrend\u00f3 su compromiso de mantener una administraci\u00f3n cercana y abierta a la colaboraci\u00f3n con los distintos sectores productivos, bajo la premisa de que las grandes transformaciones comienzan cuando se suman voluntades y se trabaja por objetivos comunes, en beneficio del crecimiento y prosperidad de San Mateo Atenco.<\/p>\n","protected":false},"excerpt":{"rendered":"<p>La administraci\u00f3n municipal fortalece condiciones para invertir, vivir con seguridad y contar con mejores servicios p\u00fablicos. La Asociaci\u00f3n Inmobiliaria del Estado de M\u00e9xico (SUMA) reconoci\u00f3 la labor de la Presidenta Municipal de San Mateo Atenco, Ana Mu\u00f1iz Neyra, y las acciones emprendidas por su administraci\u00f3n para generar condiciones favorables para la inversi\u00f3n, la seguridad y [&hellip;]<\/p>\n","protected":false},"author":1,"featured_media":112360,"comment_status":"closed","ping_status":"closed","sticky":false,"template":"","format":"standard","meta":{"footnotes":""},"categories":[36],"tags":[],"class_list":["post-112356","post","type-post","status-publish","format-standard","has-post-thumbnail","hentry","category-edomex"],"_links":{"self":[{"href":"https:\/\/elinformante.mx\/index.php?rest_route=\/wp\/v2\/posts\/112356","targetHints":{"allow":["GET"]}}],"collection":[{"href":"https:\/\/elinformante.mx\/index.php?rest_route=\/wp\/v2\/posts"}],"about":[{"href":"https:\/\/elinformante.mx\/index.php?rest_route=\/wp\/v2\/types\/post"}],"author":[{"embeddable":true,"href":"https:\/\/elinformante.mx\/index.php?rest_route=\/wp\/v2\/users\/1"}],"replies":[{"embeddable":true,"href":"https:\/\/elinformante.mx\/index.php?rest_route=%2Fwp%2Fv2%2Fcomments&post=112356"}],"version-history":[{"count":0,"href":"https:\/\/elinformante.mx\/index.php?rest_route=\/wp\/v2\/posts\/112356\/revisions"}],"wp:featuredmedia":[{"embeddable":true,"href":"https:\/\/elinformante.mx\/index.php?rest_route=\/wp\/v2\/media\/112360"}],"wp:attachment":[{"href":"https:\/\/elinformante.mx\/index.php?rest_route=%2Fwp%2Fv2%2Fmedia&parent=112356"}],"wp:term":[{"taxonomy":"category","embeddable":true,"href":"https:\/\/elinformante.mx\/index.php?rest_route=%2Fwp%2Fv2%2Fcategories&post=112356"},{"taxonomy":"post_tag","embeddable":true,"href":"https:\/\/elinformante.mx\/index.php?rest_route=%2Fwp%2Fv2%2Ftags&post=112356"}],"curies":[{"name":"wp","href":"https:\/\/api.w.org\/{rel}","templated":true}]}}