{"id":112367,"date":"2026-09-02T05:37:56","date_gmt":"2026-09-02T11:37:56","guid":{"rendered":"https:\/\/elinformante.mx\/?p=112367"},"modified":"2026-09-02T05:37:59","modified_gmt":"2026-09-02T11:37:59","slug":"metepec-refuerza-mantenimiento-vial-con-acciones-de-bacheo-en-distintas-comunidades","status":"publish","type":"post","link":"https:\/\/elinformante.mx\/?p=112367","title":{"rendered":"Metepec refuerza mantenimiento vial con acciones de bacheo en distintas comunidades"},"content":{"rendered":"\n<figure class=\"wp-block-pullquote\"><blockquote><p>El gobierno de Fernando Flores mantiene trabajos de rehabilitaci\u00f3n de calles mediante bacheo a presi\u00f3n, mezcla asf\u00e1ltica y mejoramiento de caminos.<\/p><\/blockquote><\/figure>\n\n\n\n<p class=\"has-drop-cap wp-block-paragraph\">El Gobierno Municipal de Metepec, encabezado por el alcalde Fernando Flores Fern\u00e1ndez, mantiene acciones permanentes para mejorar las condiciones de las vialidades y atender las necesidades de movilidad de las familias del municipio.<br><\/p>\n\n\n\n<p class=\"wp-block-paragraph\">A trav\u00e9s del programa SIN-BA, cuadrillas municipales realizan trabajos de bacheo a presi\u00f3n en distintos puntos de Metepec, entre ellos las calles Guadalupe Victoria, en San Francisco Coaxusco; Francisco I. Madero, en San Salvador Tizatlalli; Constituci\u00f3n, en San Lucas Tunco; CFE, en la colonia Las Jaras; Josefa Ortiz de Dom\u00ednguez, en el barrio de Coaxustenco; Ezequiel Capistr\u00e1n, en el barrio de San Mateo, y Besana, en San Jorge Pueblo Nuevo.<br><\/p>\n\n\n\n<figure class=\"wp-block-image size-large\"><img fetchpriority=\"high\" decoding=\"async\" width=\"1024\" height=\"506\" src=\"https:\/\/elinformante.mx\/wp-content\/uploads\/2026\/09\/11metepec-2-1-1024x506.jpg\" alt=\"\" class=\"wp-image-112372\" srcset=\"https:\/\/elinformante.mx\/wp-content\/uploads\/2026\/09\/11metepec-2-1-1024x506.jpg 1024w, https:\/\/elinformante.mx\/wp-content\/uploads\/2026\/09\/11metepec-2-1-300x148.jpg 300w, https:\/\/elinformante.mx\/wp-content\/uploads\/2026\/09\/11metepec-2-1-767x379.jpg 767w, https:\/\/elinformante.mx\/wp-content\/uploads\/2026\/09\/11metepec-2-1.jpg 1140w\" sizes=\"(max-width: 1024px) 100vw, 1024px\" \/><\/figure>\n\n\n\n<p class=\"wp-block-paragraph\">De manera complementaria, se llevan a cabo trabajos de bacheo con mezcla asf\u00e1ltica en caliente en las calles Parque Ahuehuetes, Parque Foresta y Parque Bugambilias, en la colonia Agr\u00edcola \u00c1lvaro Obreg\u00f3n.<br><\/p>\n\n\n\n<p class=\"wp-block-paragraph\">Asimismo, el Ayuntamiento realiza acciones de mejoramiento de camino en calle del Silencio, tambi\u00e9n en la colonia Agr\u00edcola \u00c1lvaro Obreg\u00f3n, con el objetivo de fortalecer las condiciones de tr\u00e1nsito y seguridad vial.<br><\/p>\n\n\n\n<p class=\"wp-block-paragraph\">El gobierno municipal refrend\u00f3 su compromiso de mantener una atenci\u00f3n constante a las vialidades y sumar esfuerzos para construir un Metepec con mejores servicios e infraestructura para sus habitantes.<\/p>\n","protected":false},"excerpt":{"rendered":"<p>El gobierno de Fernando Flores mantiene trabajos de rehabilitaci\u00f3n de calles mediante bacheo a presi\u00f3n, mezcla asf\u00e1ltica y mejoramiento de caminos. El Gobierno Municipal de Metepec, encabezado por el alcalde Fernando Flores Fern\u00e1ndez, mantiene acciones permanentes para mejorar las condiciones de las vialidades y atender las necesidades de movilidad de las familias del municipio. A [&hellip;]<\/p>\n","protected":false},"author":1,"featured_media":112371,"comment_status":"closed","ping_status":"closed","sticky":false,"template":"","format":"standard","meta":{"footnotes":""},"categories":[36],"tags":[],"class_list":["post-112367","post","type-post","status-publish","format-standard","has-post-thumbnail","hentry","category-edomex"],"_links":{"self":[{"href":"https:\/\/elinformante.mx\/index.php?rest_route=\/wp\/v2\/posts\/112367","targetHints":{"allow":["GET"]}}],"collection":[{"href":"https:\/\/elinformante.mx\/index.php?rest_route=\/wp\/v2\/posts"}],"about":[{"href":"https:\/\/elinformante.mx\/index.php?rest_route=\/wp\/v2\/types\/post"}],"author":[{"embeddable":true,"href":"https:\/\/elinformante.mx\/index.php?rest_route=\/wp\/v2\/users\/1"}],"replies":[{"embeddable":true,"href":"https:\/\/elinformante.mx\/index.php?rest_route=%2Fwp%2Fv2%2Fcomments&post=112367"}],"version-history":[{"count":112373,"href":"https:\/\/elinformante.mx\/index.php?rest_route=\/wp\/v2\/posts\/112367\/revisions"}],"predecessor-version":[{"id":112373,"href":"https:\/\/elinformante.mx\/index.php?rest_route=\/wp\/v2\/posts\/112367\/revisions\/112373"}],"wp:featuredmedia":[{"embeddable":true,"href":"https:\/\/elinformante.mx\/index.php?rest_route=\/wp\/v2\/media\/112371"}],"wp:attachment":[{"href":"https:\/\/elinformante.mx\/index.php?rest_route=%2Fwp%2Fv2%2Fmedia&parent=112367"}],"wp:term":[{"taxonomy":"category","embeddable":true,"href":"https:\/\/elinformante.mx\/index.php?rest_route=%2Fwp%2Fv2%2Fcategories&post=112367"},{"taxonomy":"post_tag","embeddable":true,"href":"https:\/\/elinformante.mx\/index.php?rest_route=%2Fwp%2Fv2%2Ftags&post=112367"}],"curies":[{"name":"wp","href":"https:\/\/api.w.org\/{rel}","templated":true}]}}