{"id":112378,"date":"2026-09-02T05:47:59","date_gmt":"2026-09-02T11:47:59","guid":{"rendered":"https:\/\/elinformante.mx\/?p=112378"},"modified":"2026-09-02T05:48:04","modified_gmt":"2026-09-02T11:48:04","slug":"ieem-reconoce-tres-decadas-de-servicio-y-compromiso-con-la-democracia-mexiquense","status":"publish","type":"post","link":"https:\/\/elinformante.mx\/?p=112378","title":{"rendered":"IEEM reconoce tres d\u00e9cadas de servicio y compromiso con la democracia mexiquense"},"content":{"rendered":"\n<figure class=\"wp-block-pullquote\"><blockquote><p>El Instituto distingui\u00f3 a servidoras y servidores p\u00fablicos electorales por 10, 15 y 30 a\u00f1os de trayectoria.<\/p><\/blockquote><\/figure>\n\n\n\n<p class=\"has-drop-cap wp-block-paragraph\">El Instituto Electoral del Estado de M\u00e9xico (IEEM) conmemor\u00f3 su 30 aniversario con un reconocimiento a las personas servidoras p\u00fablicas electorales que, durante a\u00f1os, han contribuido al fortalecimiento de la instituci\u00f3n y a la organizaci\u00f3n de los procesos democr\u00e1ticos en la entidad.<br><\/p>\n\n\n\n<p class=\"wp-block-paragraph\">Durante la ceremonia, la Consejera Presidenta del IEEM, Pulido G\u00f3mez, destac\u00f3 que tres d\u00e9cadas representan una historia construida a trav\u00e9s de cambios en las reglas electorales, procedimientos, herramientas tecnol\u00f3gicas y formas de organizar las elecciones, procesos que han sido acompa\u00f1ados por generaciones de trabajadores electorales.<br><\/p>\n\n\n\n<p class=\"wp-block-paragraph\">Se\u00f1al\u00f3 que detr\u00e1s de cada elecci\u00f3n existe una amplia labor que pocas veces es visible para la ciudadan\u00eda, como la revisi\u00f3n de documentos, verificaci\u00f3n de informaci\u00f3n, preparaci\u00f3n de materiales y atenci\u00f3n de incidencias. \u201cTodas cuentan cuando llega el momento de organizar una elecci\u00f3n\u201d, subray\u00f3.<br><\/p>\n\n\n\n<p class=\"wp-block-paragraph\">En representaci\u00f3n de las personas homenajeadas, Guillermo Abelardo Cort\u00e9s Bustos, integrante de la Direcci\u00f3n Jur\u00eddico-Consultiva, resalt\u00f3 que los 30 a\u00f1os del Instituto representan una historia colectiva marcada por aprendizajes, transformaciones y nuevos desaf\u00edos. Asimismo, llam\u00f3 a mantener la unidad y el compromiso con la ciudadan\u00eda.<br><\/p>\n\n\n\n<p class=\"wp-block-paragraph\">Como parte de la conmemoraci\u00f3n, el IEEM reconoci\u00f3 a servidoras y servidores p\u00fablicos por 10, 15 y 30 a\u00f1os de servicio, as\u00ed como a quienes acumulan m\u00e1s de tres d\u00e9cadas de trayectoria. Entre ellos se encuentran Sayonara Flores Palacios, Guillermo Abelardo Cort\u00e9s Bustos, Clemente Enr\u00edquez Bernal y Juan Carlos Baca Belmontes.<\/p>\n","protected":false},"excerpt":{"rendered":"<p>El Instituto distingui\u00f3 a servidoras y servidores p\u00fablicos electorales por 10, 15 y 30 a\u00f1os de trayectoria. El Instituto Electoral del Estado de M\u00e9xico (IEEM) conmemor\u00f3 su 30 aniversario con un reconocimiento a las personas servidoras p\u00fablicas electorales que, durante a\u00f1os, han contribuido al fortalecimiento de la instituci\u00f3n y a la organizaci\u00f3n de los procesos [&hellip;]<\/p>\n","protected":false},"author":1,"featured_media":112382,"comment_status":"closed","ping_status":"closed","sticky":false,"template":"","format":"standard","meta":{"footnotes":""},"categories":[36],"tags":[],"class_list":["post-112378","post","type-post","status-publish","format-standard","has-post-thumbnail","hentry","category-edomex"],"_links":{"self":[{"href":"https:\/\/elinformante.mx\/index.php?rest_route=\/wp\/v2\/posts\/112378","targetHints":{"allow":["GET"]}}],"collection":[{"href":"https:\/\/elinformante.mx\/index.php?rest_route=\/wp\/v2\/posts"}],"about":[{"href":"https:\/\/elinformante.mx\/index.php?rest_route=\/wp\/v2\/types\/post"}],"author":[{"embeddable":true,"href":"https:\/\/elinformante.mx\/index.php?rest_route=\/wp\/v2\/users\/1"}],"replies":[{"embeddable":true,"href":"https:\/\/elinformante.mx\/index.php?rest_route=%2Fwp%2Fv2%2Fcomments&post=112378"}],"version-history":[{"count":112383,"href":"https:\/\/elinformante.mx\/index.php?rest_route=\/wp\/v2\/posts\/112378\/revisions"}],"predecessor-version":[{"id":112383,"href":"https:\/\/elinformante.mx\/index.php?rest_route=\/wp\/v2\/posts\/112378\/revisions\/112383"}],"wp:featuredmedia":[{"embeddable":true,"href":"https:\/\/elinformante.mx\/index.php?rest_route=\/wp\/v2\/media\/112382"}],"wp:attachment":[{"href":"https:\/\/elinformante.mx\/index.php?rest_route=%2Fwp%2Fv2%2Fmedia&parent=112378"}],"wp:term":[{"taxonomy":"category","embeddable":true,"href":"https:\/\/elinformante.mx\/index.php?rest_route=%2Fwp%2Fv2%2Fcategories&post=112378"},{"taxonomy":"post_tag","embeddable":true,"href":"https:\/\/elinformante.mx\/index.php?rest_route=%2Fwp%2Fv2%2Ftags&post=112378"}],"curies":[{"name":"wp","href":"https:\/\/api.w.org\/{rel}","templated":true}]}}