{"id":112384,"date":"2026-09-02T06:06:10","date_gmt":"2026-09-02T12:06:10","guid":{"rendered":"https:\/\/elinformante.mx\/?p=112384"},"modified":"2026-09-02T06:06:15","modified_gmt":"2026-09-02T12:06:15","slug":"edomex-realizara-mil-esterilizaciones-gratuitas-para-perros-y-gatos-en-nezahualcoyotl","status":"publish","type":"post","link":"https:\/\/elinformante.mx\/?p=112384","title":{"rendered":"Edom\u00e9x realizar\u00e1 mil esterilizaciones gratuitas para perros y gatos en Nezahualc\u00f3yotl"},"content":{"rendered":"\n<figure class=\"wp-block-pullquote\"><blockquote><p>La jornada se llevar\u00e1 a cabo el 2 y 3 de septiembre en el Deportivo Ciudad Jard\u00edn, con 500 procedimientos diarios y atenci\u00f3n de 8:00 a 15:00 horas.<\/p><\/blockquote><\/figure>\n\n\n\n<p class=\"has-drop-cap wp-block-paragraph\">Como parte de las acciones para fortalecer el bienestar animal, el Gobierno del Estado de M\u00e9xico, encabezado por la maestra Delfina G\u00f3mez \u00c1lvarez, realizar\u00e1 una campa\u00f1a de esterilizaci\u00f3n gratuita para perros y gatos en el municipio de Nezahualc\u00f3yotl.<br><\/p>\n\n\n\n<p class=\"wp-block-paragraph\">La jornada se desarrollar\u00e1 el 2 y 3 de septiembre de 2026, en el Deportivo Ciudad Jard\u00edn, de 8:00 a 15:00 horas, con una meta de 500 esterilizaciones por d\u00eda, para alcanzar un total de mil procedimientos.<br><\/p>\n\n\n\n<p class=\"wp-block-paragraph\">Las personas interesadas podr\u00e1n agendar una cita mediante el formulario disponible a trav\u00e9s del c\u00f3digo QR publicado en la p\u00e1gina oficial de Facebook de la Secretar\u00eda de Salud del Estado de M\u00e9xico.<br><\/p>\n\n\n\n<p class=\"wp-block-paragraph\">Para garantizar la seguridad de los animales, deber\u00e1n acudir con ocho horas de ayuno, encontrarse cl\u00ednicamente sanos, tener entre tres meses y siete a\u00f1os de edad y no estar gestantes ni en periodo de lactancia. En caso de haber parido, deber\u00e1n haber transcurrido al menos 70 d\u00edas.<br><\/p>\n\n\n\n<p class=\"wp-block-paragraph\">Tambi\u00e9n se solicita llevar una cobija y transportar a los animales en transportadora, con correa y bozal cuando corresponda. No se realizar\u00e1n procedimientos a razas braquic\u00e9falas, como Pug, Boxer y Bulldog, debido a las condiciones particulares que presentan este tipo de animales.<br><\/p>\n\n\n\n<p class=\"wp-block-paragraph\">Para conocer informaci\u00f3n sobre pr\u00f3ximas jornadas y recomendaciones, la poblaci\u00f3n puede comunicarse al 722 235 8692, extensiones 64670 y 64672.<\/p>\n","protected":false},"excerpt":{"rendered":"<p>La jornada se llevar\u00e1 a cabo el 2 y 3 de septiembre en el Deportivo Ciudad Jard\u00edn, con 500 procedimientos diarios y atenci\u00f3n de 8:00 a 15:00 horas. Como parte de las acciones para fortalecer el bienestar animal, el Gobierno del Estado de M\u00e9xico, encabezado por la maestra Delfina G\u00f3mez \u00c1lvarez, realizar\u00e1 una campa\u00f1a de [&hellip;]<\/p>\n","protected":false},"author":1,"featured_media":112389,"comment_status":"closed","ping_status":"closed","sticky":false,"template":"","format":"standard","meta":{"footnotes":""},"categories":[36],"tags":[],"class_list":["post-112384","post","type-post","status-publish","format-standard","has-post-thumbnail","hentry","category-edomex"],"_links":{"self":[{"href":"https:\/\/elinformante.mx\/index.php?rest_route=\/wp\/v2\/posts\/112384","targetHints":{"allow":["GET"]}}],"collection":[{"href":"https:\/\/elinformante.mx\/index.php?rest_route=\/wp\/v2\/posts"}],"about":[{"href":"https:\/\/elinformante.mx\/index.php?rest_route=\/wp\/v2\/types\/post"}],"author":[{"embeddable":true,"href":"https:\/\/elinformante.mx\/index.php?rest_route=\/wp\/v2\/users\/1"}],"replies":[{"embeddable":true,"href":"https:\/\/elinformante.mx\/index.php?rest_route=%2Fwp%2Fv2%2Fcomments&post=112384"}],"version-history":[{"count":0,"href":"https:\/\/elinformante.mx\/index.php?rest_route=\/wp\/v2\/posts\/112384\/revisions"}],"wp:featuredmedia":[{"embeddable":true,"href":"https:\/\/elinformante.mx\/index.php?rest_route=\/wp\/v2\/media\/112389"}],"wp:attachment":[{"href":"https:\/\/elinformante.mx\/index.php?rest_route=%2Fwp%2Fv2%2Fmedia&parent=112384"}],"wp:term":[{"taxonomy":"category","embeddable":true,"href":"https:\/\/elinformante.mx\/index.php?rest_route=%2Fwp%2Fv2%2Fcategories&post=112384"},{"taxonomy":"post_tag","embeddable":true,"href":"https:\/\/elinformante.mx\/index.php?rest_route=%2Fwp%2Fv2%2Ftags&post=112384"}],"curies":[{"name":"wp","href":"https:\/\/api.w.org\/{rel}","templated":true}]}}