{"id":112388,"date":"2026-09-02T06:07:28","date_gmt":"2026-09-02T12:07:28","guid":{"rendered":"https:\/\/elinformante.mx\/?p=112388"},"modified":"2026-09-02T06:07:33","modified_gmt":"2026-09-02T12:07:33","slug":"mega-reciclaton-del-edomex-logra-reunir-mas-de-45-toneladas-de-residuos","status":"publish","type":"post","link":"https:\/\/elinformante.mx\/?p=112388","title":{"rendered":"Mega Reciclat\u00f3n del Edom\u00e9x logra reunir m\u00e1s de 45 toneladas de residuos"},"content":{"rendered":"\n<figure class=\"wp-block-pullquote\"><blockquote><p>M\u00e1s de mil personas participaron en Chimalhuac\u00e1n y entregaron materiales valorizables a cambio de alimentos y productos de higiene.<\/p><\/blockquote><\/figure>\n\n\n\n<p class=\"has-drop-cap wp-block-paragraph\">El Gobierno del Estado de M\u00e9xico, encabezado por la maestra Delfina G\u00f3mez \u00c1lvarez, recolect\u00f3 m\u00e1s de 45 toneladas de residuos valorizables durante una nueva edici\u00f3n del Mega Reciclat\u00f3n, realizada en el municipio de Chimalhuac\u00e1n, con la participaci\u00f3n de m\u00e1s de mil personas.<br><\/p>\n\n\n\n<p class=\"wp-block-paragraph\">A trav\u00e9s de la Secretar\u00eda del Medio Ambiente y Desarrollo Sostenible (SMAyDS), la ciudadan\u00eda entreg\u00f3 materiales como PET, papel, aluminio, tapitas, envases de Tetra Pak, vidrio, cart\u00f3n, aparatos electr\u00f3nicos y electrodom\u00e9sticos, que fueron intercambiados por alimentos no perecederos y art\u00edculos de higiene personal.<br><\/p>\n\n\n\n<p class=\"wp-block-paragraph\">La Secretaria del Medio Ambiente y Desarrollo Sostenible, Alhely Rubio Arronis, destac\u00f3 que estas jornadas permiten acercar a la poblaci\u00f3n al modelo de econom\u00eda circular, al promover que los materiales susceptibles de aprovechamiento regresen a los procesos productivos y, con ello, reducir la generaci\u00f3n de residuos y la contaminaci\u00f3n.<br><\/p>\n\n\n\n<p class=\"wp-block-paragraph\">La funcionaria reconoci\u00f3 la participaci\u00f3n de habitantes, empresas y organizaciones de la sociedad civil, cuya colaboraci\u00f3n permiti\u00f3 fortalecer la jornada y entregar productos de primera necesidad a cambio de los materiales recolectados.<br><\/p>\n\n\n\n<p class=\"wp-block-paragraph\">Asimismo, anunci\u00f3 que la SMAyDS trabajar\u00e1 de manera conjunta con el CRIT Estado de M\u00e9xico de Fundaci\u00f3n Telet\u00f3n, con el prop\u00f3sito de ampliar el alcance de las campa\u00f1as de Reciclat\u00f3n mediante la vinculaci\u00f3n con empresas y municipios interesados en participar.<br><\/p>\n\n\n\n<p class=\"wp-block-paragraph\">Rubio Arronis llam\u00f3 a la poblaci\u00f3n a separar y valorizar los residuos desde los hogares, al se\u00f1alar que un manejo adecuado contribuye a proteger los recursos naturales, los ecosistemas y la salud.<br><\/p>\n\n\n\n<p class=\"wp-block-paragraph\">En la jornada participaron autoridades estatales, municipales y legislativas, entre ellas la presidenta municipal de Chimalhuac\u00e1n, X\u00f3chitl Flores Jim\u00e9nez, adem\u00e1s de representantes de la administraci\u00f3n estatal y local.<\/p>\n","protected":false},"excerpt":{"rendered":"<p>M\u00e1s de mil personas participaron en Chimalhuac\u00e1n y entregaron materiales valorizables a cambio de alimentos y productos de higiene. El Gobierno del Estado de M\u00e9xico, encabezado por la maestra Delfina G\u00f3mez \u00c1lvarez, recolect\u00f3 m\u00e1s de 45 toneladas de residuos valorizables durante una nueva edici\u00f3n del Mega Reciclat\u00f3n, realizada en el municipio de Chimalhuac\u00e1n, con la [&hellip;]<\/p>\n","protected":false},"author":1,"featured_media":112392,"comment_status":"closed","ping_status":"closed","sticky":false,"template":"","format":"standard","meta":{"footnotes":""},"categories":[30,36],"tags":[],"class_list":["post-112388","post","type-post","status-publish","format-standard","has-post-thumbnail","hentry","category-destacado","category-edomex"],"_links":{"self":[{"href":"https:\/\/elinformante.mx\/index.php?rest_route=\/wp\/v2\/posts\/112388","targetHints":{"allow":["GET"]}}],"collection":[{"href":"https:\/\/elinformante.mx\/index.php?rest_route=\/wp\/v2\/posts"}],"about":[{"href":"https:\/\/elinformante.mx\/index.php?rest_route=\/wp\/v2\/types\/post"}],"author":[{"embeddable":true,"href":"https:\/\/elinformante.mx\/index.php?rest_route=\/wp\/v2\/users\/1"}],"replies":[{"embeddable":true,"href":"https:\/\/elinformante.mx\/index.php?rest_route=%2Fwp%2Fv2%2Fcomments&post=112388"}],"version-history":[{"count":0,"href":"https:\/\/elinformante.mx\/index.php?rest_route=\/wp\/v2\/posts\/112388\/revisions"}],"wp:featuredmedia":[{"embeddable":true,"href":"https:\/\/elinformante.mx\/index.php?rest_route=\/wp\/v2\/media\/112392"}],"wp:attachment":[{"href":"https:\/\/elinformante.mx\/index.php?rest_route=%2Fwp%2Fv2%2Fmedia&parent=112388"}],"wp:term":[{"taxonomy":"category","embeddable":true,"href":"https:\/\/elinformante.mx\/index.php?rest_route=%2Fwp%2Fv2%2Fcategories&post=112388"},{"taxonomy":"post_tag","embeddable":true,"href":"https:\/\/elinformante.mx\/index.php?rest_route=%2Fwp%2Fv2%2Ftags&post=112388"}],"curies":[{"name":"wp","href":"https:\/\/api.w.org\/{rel}","templated":true}]}}