{"id":112394,"date":"2026-09-02T06:12:24","date_gmt":"2026-09-02T12:12:24","guid":{"rendered":"https:\/\/elinformante.mx\/?p=112394"},"modified":"2026-09-02T06:12:32","modified_gmt":"2026-09-02T12:12:32","slug":"horacio-duarte-refrenda-coordinacion-con-defensa-para-fortalecer-la-seguridad-en-el-edomex","status":"publish","type":"post","link":"https:\/\/elinformante.mx\/?p=112394","title":{"rendered":"Horacio Duarte refrenda coordinaci\u00f3n con Defensa para fortalecer la seguridad en el Edom\u00e9x"},"content":{"rendered":"\n<figure class=\"wp-block-pullquote\"><blockquote><p>Se reafirm\u00f3 el trabajo conjunto con las Fuerzas Armadas para proteger a las familias mexiquenses.<\/p><\/blockquote><\/figure>\n\n\n\n<p class=\"has-drop-cap wp-block-paragraph\">Por instrucci\u00f3n de la Gobernadora Delfina G\u00f3mez \u00c1lvarez, el Secretario General de Gobierno, Horacio Duarte Olivares, encabez\u00f3 la sesi\u00f3n 166 de la Mesa de Paz en las instalaciones de la Direcci\u00f3n General de Sanidad de la Secretar\u00eda de la Defensa Nacional (Defensa), en la Ciudad de M\u00e9xico.<br><\/p>\n\n\n\n<figure class=\"wp-block-image size-large\"><img fetchpriority=\"high\" decoding=\"async\" width=\"1024\" height=\"506\" src=\"https:\/\/elinformante.mx\/wp-content\/uploads\/2026\/09\/8DUARTE-3-1024x506.jpg\" alt=\"\" class=\"wp-image-112399\" srcset=\"https:\/\/elinformante.mx\/wp-content\/uploads\/2026\/09\/8DUARTE-3-1024x506.jpg 1024w, https:\/\/elinformante.mx\/wp-content\/uploads\/2026\/09\/8DUARTE-3-300x148.jpg 300w, https:\/\/elinformante.mx\/wp-content\/uploads\/2026\/09\/8DUARTE-3-767x379.jpg 767w, https:\/\/elinformante.mx\/wp-content\/uploads\/2026\/09\/8DUARTE-3.jpg 1140w\" sizes=\"(max-width: 1024px) 100vw, 1024px\" \/><\/figure>\n\n\n\n<p class=\"wp-block-paragraph\">Durante la reuni\u00f3n se refrend\u00f3 la coordinaci\u00f3n permanente entre el Gobierno del Estado de M\u00e9xico y las Fuerzas Armadas para fortalecer las acciones de seguridad y protecci\u00f3n de la ciudadan\u00eda mexiquense, mediante el trabajo conjunto entre las instituciones responsables de garantizar la paz en la entidad.<br><\/p>\n\n\n\n<p class=\"wp-block-paragraph\">La sesi\u00f3n se realiz\u00f3 previo a la toma de posesi\u00f3n del cargo y protesta de Bandera del General de Brigada de Estado Mayor Armando L\u00f3pez Esquivel como nuevo Director General de Sanidad.<br><\/p>\n\n\n\n<figure class=\"wp-block-image size-large\"><img decoding=\"async\" width=\"1024\" height=\"506\" src=\"https:\/\/elinformante.mx\/wp-content\/uploads\/2026\/09\/8DUARTE-1024x506.jpg\" alt=\"\" class=\"wp-image-112400\" srcset=\"https:\/\/elinformante.mx\/wp-content\/uploads\/2026\/09\/8DUARTE-1024x506.jpg 1024w, https:\/\/elinformante.mx\/wp-content\/uploads\/2026\/09\/8DUARTE-300x148.jpg 300w, https:\/\/elinformante.mx\/wp-content\/uploads\/2026\/09\/8DUARTE-767x379.jpg 767w, https:\/\/elinformante.mx\/wp-content\/uploads\/2026\/09\/8DUARTE.jpg 1140w\" sizes=\"(max-width: 1024px) 100vw, 1024px\" \/><\/figure>\n\n\n\n<p class=\"wp-block-paragraph\">En este encuentro participaron H\u00e9ctor Macedo Garc\u00eda, Presidente del Poder Judicial del Estado de M\u00e9xico; Jos\u00e9 Luis Cervantes Mart\u00ednez, Fiscal General de Justicia estatal; Crist\u00f3bal Casta\u00f1eda Camarillo, Secretario de Seguridad estatal; y Maricela L\u00f3pez Urbina, Secretaria T\u00e9cnica de la Mesa de Paz.<br><\/p>\n\n\n\n<p class=\"wp-block-paragraph\">Tambi\u00e9n estuvieron representantes de las Secretar\u00edas de la Defensa Nacional y de Marina, la Guardia Nacional y el Centro Nacional de Inteligencia, con quienes se fortalecieron los mecanismos de coordinaci\u00f3n para atender los retos de seguridad y consolidar acciones en favor de la poblaci\u00f3n del Estado de M\u00e9xico.<\/p>\n","protected":false},"excerpt":{"rendered":"<p>Se reafirm\u00f3 el trabajo conjunto con las Fuerzas Armadas para proteger a las familias mexiquenses. Por instrucci\u00f3n de la Gobernadora Delfina G\u00f3mez \u00c1lvarez, el Secretario General de Gobierno, Horacio Duarte Olivares, encabez\u00f3 la sesi\u00f3n 166 de la Mesa de Paz en las instalaciones de la Direcci\u00f3n General de Sanidad de la Secretar\u00eda de la Defensa [&hellip;]<\/p>\n","protected":false},"author":1,"featured_media":112398,"comment_status":"closed","ping_status":"closed","sticky":false,"template":"","format":"standard","meta":{"footnotes":""},"categories":[30,36,31],"tags":[46],"class_list":["post-112394","post","type-post","status-publish","format-standard","has-post-thumbnail","hentry","category-destacado","category-edomex","category-portada","tag-portadaedomex"],"_links":{"self":[{"href":"https:\/\/elinformante.mx\/index.php?rest_route=\/wp\/v2\/posts\/112394","targetHints":{"allow":["GET"]}}],"collection":[{"href":"https:\/\/elinformante.mx\/index.php?rest_route=\/wp\/v2\/posts"}],"about":[{"href":"https:\/\/elinformante.mx\/index.php?rest_route=\/wp\/v2\/types\/post"}],"author":[{"embeddable":true,"href":"https:\/\/elinformante.mx\/index.php?rest_route=\/wp\/v2\/users\/1"}],"replies":[{"embeddable":true,"href":"https:\/\/elinformante.mx\/index.php?rest_route=%2Fwp%2Fv2%2Fcomments&post=112394"}],"version-history":[{"count":0,"href":"https:\/\/elinformante.mx\/index.php?rest_route=\/wp\/v2\/posts\/112394\/revisions"}],"wp:featuredmedia":[{"embeddable":true,"href":"https:\/\/elinformante.mx\/index.php?rest_route=\/wp\/v2\/media\/112398"}],"wp:attachment":[{"href":"https:\/\/elinformante.mx\/index.php?rest_route=%2Fwp%2Fv2%2Fmedia&parent=112394"}],"wp:term":[{"taxonomy":"category","embeddable":true,"href":"https:\/\/elinformante.mx\/index.php?rest_route=%2Fwp%2Fv2%2Fcategories&post=112394"},{"taxonomy":"post_tag","embeddable":true,"href":"https:\/\/elinformante.mx\/index.php?rest_route=%2Fwp%2Fv2%2Ftags&post=112394"}],"curies":[{"name":"wp","href":"https:\/\/api.w.org\/{rel}","templated":true}]}}