{"id":112402,"date":"2026-09-02T06:19:09","date_gmt":"2026-09-02T12:19:09","guid":{"rendered":"https:\/\/elinformante.mx\/?p=112402"},"modified":"2026-09-02T06:19:13","modified_gmt":"2026-09-02T12:19:13","slug":"tlalpan-refrenda-por-quinto-ano-su-titulo-de-ciudad-arbol-del-mundo","status":"publish","type":"post","link":"https:\/\/elinformante.mx\/?p=112402","title":{"rendered":"Tlalpan refrenda por quinto a\u00f1o su t\u00edtulo de Ciudad \u00c1rbol del Mundo"},"content":{"rendered":"\n<figure class=\"wp-block-pullquote\"><blockquote><p>La alcald\u00eda fue reconocida nuevamente por el manejo responsable de m\u00e1s de 32 mil \u00e1rboles urbanos y sus acciones para fortalecer la protecci\u00f3n ambiental.<\/p><\/blockquote><\/figure>\n\n\n\n<p class=\"has-drop-cap wp-block-paragraph\">Por quinto a\u00f1o consecutivo, Tlalpan recibi\u00f3 el distintivo internacional Ciudad \u00c1rbol del Mundo, otorgado por Arbor Day Foundation y la Organizaci\u00f3n de las Naciones Unidas para la Alimentaci\u00f3n y la Agricultura (FAO), en reconocimiento a sus pol\u00edticas de conservaci\u00f3n, mantenimiento y manejo del arbolado urbano.<br><\/p>\n\n\n\n<p class=\"wp-block-paragraph\">La alcaldesa Gaby Osorio recibi\u00f3 la distinci\u00f3n y destac\u00f3 que la protecci\u00f3n de los \u00e1rboles forma parte de una estrategia ambiental que contempla tanto el arbolado de calles y parques como la conservaci\u00f3n de las zonas boscosas de la demarcaci\u00f3n.<br><\/p>\n\n\n\n<p class=\"wp-block-paragraph\">Tlalpan cuenta con aproximadamente 32 mil 846 \u00e1rboles registrados en espacios urbanos: 6 mil 170 ubicados en calles y 26 mil 676 en parques. Adem\u00e1s, se cuenta con un diagn\u00f3stico de mil 400 ejemplares localizados en vialidades p\u00fablicas.<br><\/p>\n\n\n\n<p class=\"wp-block-paragraph\">Para obtener el reconocimiento fueron evaluados aspectos como la responsabilidad institucional, el conocimiento e inventario del arbolado, las pol\u00edticas p\u00fablicas, el presupuesto destinado a estas acciones y la reglamentaci\u00f3n existente.<br><\/p>\n\n\n\n<p class=\"wp-block-paragraph\">De acuerdo con la informaci\u00f3n presentada, la demarcaci\u00f3n destin\u00f3 17.4 millones de pesos a acciones relacionadas con plantaci\u00f3n, manejo del bosque urbano, retiro de arbolado e infraestructura, adem\u00e1s de programas de mantenimiento y conservaci\u00f3n.<br><\/p>\n\n\n\n<figure class=\"wp-block-image size-large\"><img fetchpriority=\"high\" decoding=\"async\" width=\"1024\" height=\"506\" src=\"https:\/\/elinformante.mx\/wp-content\/uploads\/2026\/09\/6tlalpan-2-1024x506.jpg\" alt=\"\" class=\"wp-image-112408\" srcset=\"https:\/\/elinformante.mx\/wp-content\/uploads\/2026\/09\/6tlalpan-2-1024x506.jpg 1024w, https:\/\/elinformante.mx\/wp-content\/uploads\/2026\/09\/6tlalpan-2-300x148.jpg 300w, https:\/\/elinformante.mx\/wp-content\/uploads\/2026\/09\/6tlalpan-2-767x379.jpg 767w, https:\/\/elinformante.mx\/wp-content\/uploads\/2026\/09\/6tlalpan-2.jpg 1140w\" sizes=\"(max-width: 1024px) 100vw, 1024px\" \/><\/figure>\n\n\n\n<p class=\"wp-block-paragraph\">Durante la entrega, Laura Garc\u00eda Santamarina, coordinadora de \u00c1rboles y Ciudades en Reforestamos M\u00e9xico y representante de Arbor Day Foundation, destac\u00f3 que el distintivo reconoce a las ciudades que asumen la responsabilidad de conservar y manejar adecuadamente sus \u00e1rboles.<br><\/p>\n\n\n\n<p class=\"wp-block-paragraph\">Osorio subray\u00f3 que el trabajo cotidiano del personal de Servicios Urbanos y de Parques y Jardines ha sido fundamental para mantener el arbolado en condiciones adecuadas. Tambi\u00e9n se\u00f1al\u00f3 que los \u00e1rboles contribuyen a regular la temperatura, generar ox\u00edgeno y enfrentar los efectos de fen\u00f3menos clim\u00e1ticos cada vez m\u00e1s intensos.<br><\/p>\n\n\n\n<p class=\"wp-block-paragraph\">En materia de suelo de conservaci\u00f3n, la alcaldesa inform\u00f3 que, mediante la coordinaci\u00f3n con los gobiernos federal y capitalino, se ha logrado reducir alrededor de 90 por ciento la tala ilegal en la zona de Topilejo, a trav\u00e9s de acciones de vigilancia ambiental, personal especializado, maquinaria y veh\u00edculos.<br><\/p>\n\n\n\n<p class=\"wp-block-paragraph\">Como parte de las actividades del D\u00eda del \u00c1rbol en Tlalpan 2026, tambi\u00e9n se devel\u00f3 en Casa Frissac una placa junto al ahuehuete plantado hace un a\u00f1o, denominado \u201cEl Guardi\u00e1n del Tiempo\u201d, adem\u00e1s de realizarse actividades culturales y exposiciones relacionadas con el patrimonio natural de la demarcaci\u00f3n.<br><\/p>\n\n\n\n<p class=\"wp-block-paragraph\">La alcaldesa afirm\u00f3 que mantener por quinto a\u00f1o consecutivo este reconocimiento representa un compromiso para continuar fortaleciendo las pol\u00edticas ambientales y fomentar una mayor participaci\u00f3n de la comunidad en el cuidado de los \u00e1rboles.<\/p>\n","protected":false},"excerpt":{"rendered":"<p>La alcald\u00eda fue reconocida nuevamente por el manejo responsable de m\u00e1s de 32 mil \u00e1rboles urbanos y sus acciones para fortalecer la protecci\u00f3n ambiental. Por quinto a\u00f1o consecutivo, Tlalpan recibi\u00f3 el distintivo internacional Ciudad \u00c1rbol del Mundo, otorgado por Arbor Day Foundation y la Organizaci\u00f3n de las Naciones Unidas para la Alimentaci\u00f3n y la Agricultura [&hellip;]<\/p>\n","protected":false},"author":1,"featured_media":112407,"comment_status":"closed","ping_status":"closed","sticky":false,"template":"","format":"standard","meta":{"footnotes":""},"categories":[35,30],"tags":[],"class_list":["post-112402","post","type-post","status-publish","format-standard","has-post-thumbnail","hentry","category-cdmx","category-destacado"],"_links":{"self":[{"href":"https:\/\/elinformante.mx\/index.php?rest_route=\/wp\/v2\/posts\/112402","targetHints":{"allow":["GET"]}}],"collection":[{"href":"https:\/\/elinformante.mx\/index.php?rest_route=\/wp\/v2\/posts"}],"about":[{"href":"https:\/\/elinformante.mx\/index.php?rest_route=\/wp\/v2\/types\/post"}],"author":[{"embeddable":true,"href":"https:\/\/elinformante.mx\/index.php?rest_route=\/wp\/v2\/users\/1"}],"replies":[{"embeddable":true,"href":"https:\/\/elinformante.mx\/index.php?rest_route=%2Fwp%2Fv2%2Fcomments&post=112402"}],"version-history":[{"count":0,"href":"https:\/\/elinformante.mx\/index.php?rest_route=\/wp\/v2\/posts\/112402\/revisions"}],"wp:featuredmedia":[{"embeddable":true,"href":"https:\/\/elinformante.mx\/index.php?rest_route=\/wp\/v2\/media\/112407"}],"wp:attachment":[{"href":"https:\/\/elinformante.mx\/index.php?rest_route=%2Fwp%2Fv2%2Fmedia&parent=112402"}],"wp:term":[{"taxonomy":"category","embeddable":true,"href":"https:\/\/elinformante.mx\/index.php?rest_route=%2Fwp%2Fv2%2Fcategories&post=112402"},{"taxonomy":"post_tag","embeddable":true,"href":"https:\/\/elinformante.mx\/index.php?rest_route=%2Fwp%2Fv2%2Ftags&post=112402"}],"curies":[{"name":"wp","href":"https:\/\/api.w.org\/{rel}","templated":true}]}}