{"id":112406,"date":"2026-09-02T06:20:29","date_gmt":"2026-09-02T12:20:29","guid":{"rendered":"https:\/\/elinformante.mx\/?p=112406"},"modified":"2026-09-02T06:20:32","modified_gmt":"2026-09-02T12:20:32","slug":"pilares-alista-creatividad-y-emprendimiento-para-celebrar-las-fiestas-patrias","status":"publish","type":"post","link":"https:\/\/elinformante.mx\/?p=112406","title":{"rendered":"PILARES alista creatividad y emprendimiento para celebrar las fiestas patrias"},"content":{"rendered":"\n<figure class=\"wp-block-pullquote\"><blockquote><p>Los talleres de electricidad, joyer\u00eda y confecci\u00f3n textil ofrecer\u00e1n actividades para que la comunidad dise\u00f1e sus propios productos alusivos al 15 y 16 de septiembre.<\/p><\/blockquote><\/figure>\n\n\n\n<p class=\"has-drop-cap wp-block-paragraph\">Con motivo de las fiestas patrias, el \u00e1rea de Autonom\u00eda Econ\u00f3mica de PILARES prepara una serie de actividades que combinan aprendizaje, creatividad y emprendimiento comunitario, a trav\u00e9s de sus talleres de electricidad, joyer\u00eda y confecci\u00f3n textil.<br><\/p>\n\n\n\n<p class=\"wp-block-paragraph\">Del 1 al 15 de septiembre, los talleres de Electricidad y Reparaci\u00f3n de Dispositivos Electr\u00f3nicos desarrollar\u00e1n la actividad \u201cElectro Patria\u201d, en la que las y los participantes podr\u00e1n elaborar objetos decorativos alusivos a la celebraci\u00f3n, como letreros y figuras con Ne\u00f3n Flex y luces LED.<br><\/p>\n\n\n\n<p class=\"wp-block-paragraph\">Por su parte, \u201cArte Tricolor\u201d permitir\u00e1 que las y los asistentes a los talleres de Joyer\u00eda y Accesorios elaboren pulseras, aretes, anillos y otros complementos inspirados en los s\u00edmbolos patrios. Esta actividad estar\u00e1 disponible del 1 al 13 de septiembre.<br><\/p>\n\n\n\n<p class=\"wp-block-paragraph\">Asimismo, en los talleres de Confecci\u00f3n Textil se desarrollar\u00e1 \u201cRa\u00edces y colores\u201d, propuesta dirigida a quienes desean dise\u00f1ar y elaborar prendas, vestuarios y productos textiles para utilizar durante los festejos del 15 y 16 de septiembre. Las actividades estar\u00e1n disponibles del 1 al 15 de septiembre.<br><\/p>\n\n\n\n<p class=\"wp-block-paragraph\">Estas iniciativas forman parte del trabajo permanente del Subsistema de Educaci\u00f3n Comunitaria, que mediante los talleres de Autonom\u00eda Econ\u00f3mica brinda herramientas y conocimientos a quienes buscan fortalecer sus capacidades y avanzar hacia la independencia econ\u00f3mica.<br><\/p>\n\n\n\n<p class=\"wp-block-paragraph\">PILARES invit\u00f3 a la poblaci\u00f3n a acercarse a sus espacios durante septiembre para aprender, crear y celebrar en comunidad, aprovechando las actividades especiales preparadas con motivo de las fiestas patrias.<\/p>\n","protected":false},"excerpt":{"rendered":"<p>Los talleres de electricidad, joyer\u00eda y confecci\u00f3n textil ofrecer\u00e1n actividades para que la comunidad dise\u00f1e sus propios productos alusivos al 15 y 16 de septiembre. Con motivo de las fiestas patrias, el \u00e1rea de Autonom\u00eda Econ\u00f3mica de PILARES prepara una serie de actividades que combinan aprendizaje, creatividad y emprendimiento comunitario, a trav\u00e9s de sus talleres [&hellip;]<\/p>\n","protected":false},"author":1,"featured_media":112411,"comment_status":"closed","ping_status":"closed","sticky":false,"template":"","format":"standard","meta":{"footnotes":""},"categories":[35],"tags":[],"class_list":["post-112406","post","type-post","status-publish","format-standard","has-post-thumbnail","hentry","category-cdmx"],"_links":{"self":[{"href":"https:\/\/elinformante.mx\/index.php?rest_route=\/wp\/v2\/posts\/112406","targetHints":{"allow":["GET"]}}],"collection":[{"href":"https:\/\/elinformante.mx\/index.php?rest_route=\/wp\/v2\/posts"}],"about":[{"href":"https:\/\/elinformante.mx\/index.php?rest_route=\/wp\/v2\/types\/post"}],"author":[{"embeddable":true,"href":"https:\/\/elinformante.mx\/index.php?rest_route=\/wp\/v2\/users\/1"}],"replies":[{"embeddable":true,"href":"https:\/\/elinformante.mx\/index.php?rest_route=%2Fwp%2Fv2%2Fcomments&post=112406"}],"version-history":[{"count":0,"href":"https:\/\/elinformante.mx\/index.php?rest_route=\/wp\/v2\/posts\/112406\/revisions"}],"wp:featuredmedia":[{"embeddable":true,"href":"https:\/\/elinformante.mx\/index.php?rest_route=\/wp\/v2\/media\/112411"}],"wp:attachment":[{"href":"https:\/\/elinformante.mx\/index.php?rest_route=%2Fwp%2Fv2%2Fmedia&parent=112406"}],"wp:term":[{"taxonomy":"category","embeddable":true,"href":"https:\/\/elinformante.mx\/index.php?rest_route=%2Fwp%2Fv2%2Fcategories&post=112406"},{"taxonomy":"post_tag","embeddable":true,"href":"https:\/\/elinformante.mx\/index.php?rest_route=%2Fwp%2Fv2%2Ftags&post=112406"}],"curies":[{"name":"wp","href":"https:\/\/api.w.org\/{rel}","templated":true}]}}