{"id":112429,"date":"2026-09-02T06:39:10","date_gmt":"2026-09-02T12:39:10","guid":{"rendered":"https:\/\/elinformante.mx\/?p=112429"},"modified":"2026-09-02T06:39:18","modified_gmt":"2026-09-02T12:39:18","slug":"rosa-icela-rodriguez-entrega-al-congreso-el-2-informe-de-gobierno-de-claudia-sheinbaum","status":"publish","type":"post","link":"https:\/\/elinformante.mx\/?p=112429","title":{"rendered":"Rosa Icela Rodr\u00edguez entrega al Congreso el 2\u00b0 Informe de Gobierno de Claudia Sheinbaum"},"content":{"rendered":"\n<figure class=\"wp-block-pullquote\"><blockquote><p>El documento fue recibido por el presidente del Congreso de la Uni\u00f3n, Ra\u00fal Bola\u00f1os Cacho-Cu\u00e9, para su an\u00e1lisis en ambas c\u00e1maras.<\/p><\/blockquote><\/figure>\n\n\n\n<p class=\"has-drop-cap wp-block-paragraph\">En representaci\u00f3n de la presidenta de M\u00e9xico, Claudia Sheinbaum Pardo, la secretaria de Gobernaci\u00f3n, Rosa Icela Rodr\u00edguez Vel\u00e1zquez, entreg\u00f3 este martes al Congreso de la Uni\u00f3n el Segundo Informe de Gobierno, con lo que se dio cumplimiento a lo establecido en el art\u00edculo 69 de la Constituci\u00f3n Pol\u00edtica de los Estados Unidos Mexicanos.<br><\/p>\n\n\n\n<p class=\"wp-block-paragraph\">La entrega se realiz\u00f3 durante la sesi\u00f3n de Congreso General, con motivo del inicio del Primer Periodo Ordinario de Sesiones del Tercer A\u00f1o de Ejercicio de la LXVI Legislatura. El documento fue recibido por el presidente del Congreso de la Uni\u00f3n y de la C\u00e1mara de Diputados, Ra\u00fal Bola\u00f1os Cacho-Cu\u00e9, quien declar\u00f3 formalmente cumplida la obligaci\u00f3n constitucional de la titular del Ejecutivo Federal.<br><\/p>\n\n\n\n<p class=\"wp-block-paragraph\">Durante la sesi\u00f3n, se solicit\u00f3 turnar el informe a las c\u00e1maras de Diputados y Senadores, a fin de que cada una realice por separado el an\u00e1lisis correspondiente sobre el estado que guarda la Administraci\u00f3n P\u00fablica Federal.<br><\/p>\n\n\n\n<p class=\"wp-block-paragraph\">El informe fue presentado por escrito en versiones f\u00edsica y digital, esta \u00faltima mediante tarjetas con c\u00f3digo QR destinadas a legisladoras y legisladores de ambas c\u00e1maras.<br><\/p>\n\n\n\n<p class=\"wp-block-paragraph\">La secretaria de Gobernaci\u00f3n estuvo acompa\u00f1ada por la subsecretaria de Construcci\u00f3n de Paz, Participaci\u00f3n Social y Asuntos Religiosos, Roc\u00edo B\u00e1rcena; el subsecretario de Gobernaci\u00f3n, C\u00e9sar Y\u00e1\u00f1ez, y el subsecretario de Derechos Humanos, Poblaci\u00f3n y Migraci\u00f3n, Arturo Medina.<\/p>\n","protected":false},"excerpt":{"rendered":"<p>El documento fue recibido por el presidente del Congreso de la Uni\u00f3n, Ra\u00fal Bola\u00f1os Cacho-Cu\u00e9, para su an\u00e1lisis en ambas c\u00e1maras. En representaci\u00f3n de la presidenta de M\u00e9xico, Claudia Sheinbaum Pardo, la secretaria de Gobernaci\u00f3n, Rosa Icela Rodr\u00edguez Vel\u00e1zquez, entreg\u00f3 este martes al Congreso de la Uni\u00f3n el Segundo Informe de Gobierno, con lo que [&hellip;]<\/p>\n","protected":false},"author":1,"featured_media":112433,"comment_status":"closed","ping_status":"closed","sticky":false,"template":"","format":"standard","meta":{"footnotes":""},"categories":[30,34,31],"tags":[],"class_list":["post-112429","post","type-post","status-publish","format-standard","has-post-thumbnail","hentry","category-destacado","category-nacional","category-portada"],"_links":{"self":[{"href":"https:\/\/elinformante.mx\/index.php?rest_route=\/wp\/v2\/posts\/112429","targetHints":{"allow":["GET"]}}],"collection":[{"href":"https:\/\/elinformante.mx\/index.php?rest_route=\/wp\/v2\/posts"}],"about":[{"href":"https:\/\/elinformante.mx\/index.php?rest_route=\/wp\/v2\/types\/post"}],"author":[{"embeddable":true,"href":"https:\/\/elinformante.mx\/index.php?rest_route=\/wp\/v2\/users\/1"}],"replies":[{"embeddable":true,"href":"https:\/\/elinformante.mx\/index.php?rest_route=%2Fwp%2Fv2%2Fcomments&post=112429"}],"version-history":[{"count":0,"href":"https:\/\/elinformante.mx\/index.php?rest_route=\/wp\/v2\/posts\/112429\/revisions"}],"wp:featuredmedia":[{"embeddable":true,"href":"https:\/\/elinformante.mx\/index.php?rest_route=\/wp\/v2\/media\/112433"}],"wp:attachment":[{"href":"https:\/\/elinformante.mx\/index.php?rest_route=%2Fwp%2Fv2%2Fmedia&parent=112429"}],"wp:term":[{"taxonomy":"category","embeddable":true,"href":"https:\/\/elinformante.mx\/index.php?rest_route=%2Fwp%2Fv2%2Fcategories&post=112429"},{"taxonomy":"post_tag","embeddable":true,"href":"https:\/\/elinformante.mx\/index.php?rest_route=%2Fwp%2Fv2%2Ftags&post=112429"}],"curies":[{"name":"wp","href":"https:\/\/api.w.org\/{rel}","templated":true}]}}