{"id":112442,"date":"2026-09-02T10:16:31","date_gmt":"2026-09-02T16:16:31","guid":{"rendered":"https:\/\/elinformante.mx\/?p=112442"},"modified":"2026-09-02T10:16:37","modified_gmt":"2026-09-02T16:16:37","slug":"ricardo-anaya-cuestiona-cifras-de-seguridad-y-pone-la-atencion-en-desapariciones-y-otros-delitos","status":"publish","type":"post","link":"https:\/\/elinformante.mx\/?p=112442","title":{"rendered":"Ricardo Anaya cuestiona cifras de seguridad y pone la atenci\u00f3n en desapariciones y otros delitos"},"content":{"rendered":"\n<p class=\"wp-block-paragraph\">El senador del PAN, Ricardo Anaya, cuestion\u00f3 las cifras de seguridad presentadas por el Gobierno federal y sostuvo que la reducci\u00f3n reportada en homicidios no mostrar\u00eda por s\u00ed sola el panorama completo de las muertes y desapariciones registradas en M\u00e9xico.<\/p>\n\n\n\n<p class=\"wp-block-paragraph\">Durante su intervenci\u00f3n legislativa, Anaya utiliz\u00f3 la frase \u201cA los muertos no solo se les entierra: se les archiva\u201d para cuestionar la manera en que, desde su perspectiva, se presentan las estad\u00edsticas oficiales. El legislador pidi\u00f3 considerar otros indicadores relacionados con delitos contra la vida y la integridad de las personas.<\/p>\n\n\n\n<p class=\"wp-block-paragraph\">Ricardo Anaya afirm\u00f3 que, con base en cifras que atribuy\u00f3 al Secretariado Ejecutivo del Sistema Nacional de Seguridad P\u00fablica, el promedio de homicidios habr\u00eda disminuido de 70 a 63 casos diarios, mientras que otros delitos contra la vida y la integridad corporal habr\u00edan aumentado de 15 a 40 por d\u00eda.<\/p>\n\n\n\n<p class=\"wp-block-paragraph\">El senador tambi\u00e9n asegur\u00f3 que el promedio de personas desaparecidas habr\u00eda pasado de 16 a 31 diariamente. Con estos datos, sostuvo que una reducci\u00f3n en los homicidios debe analizarse junto con otros indicadores para obtener una evaluaci\u00f3n m\u00e1s amplia de la situaci\u00f3n de seguridad en el pa\u00eds.<\/p>\n\n\n\n<p class=\"wp-block-paragraph\">Las cifras expuestas forman parte de la argumentaci\u00f3n presentada por Ricardo Anaya y deber\u00e1n contrastarse con las bases oficiales, sus periodos de referencia y metodolog\u00edas para determinar su alcance. El posicionamiento se suma al debate entre oposici\u00f3n y Gobierno federal sobre los resultados de la estrategia nacional de seguridad.<\/p>\n","protected":false},"excerpt":{"rendered":"<p>El senador del PAN, Ricardo Anaya, cuestion\u00f3 las cifras de seguridad presentadas por el Gobierno federal y sostuvo que la reducci\u00f3n reportada en homicidios no mostrar\u00eda por s\u00ed sola el panorama completo de las muertes y desapariciones registradas en M\u00e9xico. Durante su intervenci\u00f3n legislativa, Anaya utiliz\u00f3 la frase \u201cA los muertos no solo se les [&hellip;]<\/p>\n","protected":false},"author":2,"featured_media":112443,"comment_status":"closed","ping_status":"closed","sticky":false,"template":"","format":"standard","meta":{"footnotes":""},"categories":[34],"tags":[2363,2209,2359,2192,2193,2358,140,2360,77,2196,120,2362,86,2361],"class_list":["post-112442","post","type-post","status-publish","format-standard","has-post-thumbnail","hentry","category-nacional","tag-cifras-de-seguridad","tag-congreso-de-la-union","tag-desapariciones","tag-estrategia-de-seguridad","tag-gobierno-de-mexico","tag-homicidios","tag-pan","tag-personas-desaparecidas","tag-politica-mexicana","tag-politica-nacional","tag-ricardo-anaya","tag-secretariado-ejecutivo","tag-seguridad-en-mexico","tag-sesnsp"],"_links":{"self":[{"href":"https:\/\/elinformante.mx\/index.php?rest_route=\/wp\/v2\/posts\/112442","targetHints":{"allow":["GET"]}}],"collection":[{"href":"https:\/\/elinformante.mx\/index.php?rest_route=\/wp\/v2\/posts"}],"about":[{"href":"https:\/\/elinformante.mx\/index.php?rest_route=\/wp\/v2\/types\/post"}],"author":[{"embeddable":true,"href":"https:\/\/elinformante.mx\/index.php?rest_route=\/wp\/v2\/users\/2"}],"replies":[{"embeddable":true,"href":"https:\/\/elinformante.mx\/index.php?rest_route=%2Fwp%2Fv2%2Fcomments&post=112442"}],"version-history":[{"count":112444,"href":"https:\/\/elinformante.mx\/index.php?rest_route=\/wp\/v2\/posts\/112442\/revisions"}],"predecessor-version":[{"id":112444,"href":"https:\/\/elinformante.mx\/index.php?rest_route=\/wp\/v2\/posts\/112442\/revisions\/112444"}],"wp:featuredmedia":[{"embeddable":true,"href":"https:\/\/elinformante.mx\/index.php?rest_route=\/wp\/v2\/media\/112443"}],"wp:attachment":[{"href":"https:\/\/elinformante.mx\/index.php?rest_route=%2Fwp%2Fv2%2Fmedia&parent=112442"}],"wp:term":[{"taxonomy":"category","embeddable":true,"href":"https:\/\/elinformante.mx\/index.php?rest_route=%2Fwp%2Fv2%2Fcategories&post=112442"},{"taxonomy":"post_tag","embeddable":true,"href":"https:\/\/elinformante.mx\/index.php?rest_route=%2Fwp%2Fv2%2Ftags&post=112442"}],"curies":[{"name":"wp","href":"https:\/\/api.w.org\/{rel}","templated":true}]}}