{"id":112445,"date":"2026-09-02T12:08:16","date_gmt":"2026-09-02T18:08:16","guid":{"rendered":"https:\/\/elinformante.mx\/?p=112445"},"modified":"2026-09-02T12:08:19","modified_gmt":"2026-09-02T18:08:19","slug":"alejandro-moreno-llama-a-construir-un-frente-opositor-y-pone-la-mira-en-las-elecciones-de-2027-y-2030","status":"publish","type":"post","link":"https:\/\/elinformante.mx\/?p=112445","title":{"rendered":"Alejandro Moreno llama a construir un frente opositor y pone la mira en las elecciones de 2027 y 2030"},"content":{"rendered":"\n<p class=\"wp-block-paragraph\">El dirigente nacional del PRI y senador Alejandro \u201cAlito\u201d Moreno llam\u00f3 a construir un \u201cgran frente opositor\u201d rumbo a los pr\u00f3ximos procesos electorales y asegur\u00f3 que buscar\u00e1n competir por la mayor\u00eda del Congreso de la Uni\u00f3n en 2027 y por la Presidencia de la Rep\u00fablica en 2030.<\/p>\n\n\n\n<p class=\"wp-block-paragraph\">Durante la apertura del periodo ordinario de sesiones, Moreno afirm\u00f3 que la oposici\u00f3n deber\u00e1 trabajar de manera conjunta para fortalecer su presencia electoral y generar contrapesos frente a Morena. \u201cLes vamos a ganar la mayor\u00eda en el Congreso de la Uni\u00f3n en 2027\u201d, expres\u00f3.<\/p>\n\n\n\n<p class=\"wp-block-paragraph\">El dirigente priista sostuvo que el proyecto opositor debe reunir a diferentes fuerzas pol\u00edticas y sectores ciudadanos con la intenci\u00f3n de construir una alternativa electoral. Adem\u00e1s de las elecciones intermedias de 2027, Alejandro Moreno coloc\u00f3 como objetivo la elecci\u00f3n presidencial de 2030.<\/p>\n\n\n\n<p class=\"wp-block-paragraph\">Durante su intervenci\u00f3n, el senador acus\u00f3 al oficialismo de intentar \u201celiminar a la oposici\u00f3n\u201d y reiter\u00f3 sus se\u00f1alamientos sobre presuntos acuerdos entre integrantes del partido gobernante y organizaciones criminales. Estas acusaciones corresponden a la postura pol\u00edtica del dirigente priista y no constituyen por s\u00ed mismas hechos acreditados.<\/p>\n\n\n\n<p class=\"wp-block-paragraph\">El llamado de Alito Moreno abre nuevamente la discusi\u00f3n sobre posibles alianzas entre las fuerzas opositoras de cara a los siguientes procesos electorales. La conformaci\u00f3n de cualquier frente o coalici\u00f3n depender\u00e1 de los acuerdos que alcancen los partidos y actores interesados.<\/p>\n","protected":false},"excerpt":{"rendered":"<p>El dirigente nacional del PRI y senador Alejandro \u201cAlito\u201d Moreno llam\u00f3 a construir un \u201cgran frente opositor\u201d rumbo a los pr\u00f3ximos procesos electorales y asegur\u00f3 que buscar\u00e1n competir por la mayor\u00eda del Congreso de la Uni\u00f3n en 2027 y por la Presidencia de la Rep\u00fablica en 2030. Durante la apertura del periodo ordinario de sesiones, [&hellip;]<\/p>\n","protected":false},"author":2,"featured_media":112446,"comment_status":"closed","ping_status":"closed","sticky":false,"template":"","format":"standard","meta":{"footnotes":""},"categories":[34],"tags":[72,73,2209,2350,2364,246,2303,75,2302,2230,2196,2221,2222,2205],"class_list":["post-112445","post","type-post","status-publish","format-standard","has-post-thumbnail","hentry","category-nacional","tag-alejandro-moreno","tag-alito-moreno","tag-congreso-de-la-union","tag-elecciones-2027","tag-elecciones-2030","tag-elecciones-mexico","tag-frente-opositor","tag-morena","tag-oposicion","tag-partidos-politicos","tag-politica-nacional","tag-presidencia-de-mexico","tag-pri","tag-senado-de-la-republica"],"_links":{"self":[{"href":"https:\/\/elinformante.mx\/index.php?rest_route=\/wp\/v2\/posts\/112445","targetHints":{"allow":["GET"]}}],"collection":[{"href":"https:\/\/elinformante.mx\/index.php?rest_route=\/wp\/v2\/posts"}],"about":[{"href":"https:\/\/elinformante.mx\/index.php?rest_route=\/wp\/v2\/types\/post"}],"author":[{"embeddable":true,"href":"https:\/\/elinformante.mx\/index.php?rest_route=\/wp\/v2\/users\/2"}],"replies":[{"embeddable":true,"href":"https:\/\/elinformante.mx\/index.php?rest_route=%2Fwp%2Fv2%2Fcomments&post=112445"}],"version-history":[{"count":112447,"href":"https:\/\/elinformante.mx\/index.php?rest_route=\/wp\/v2\/posts\/112445\/revisions"}],"predecessor-version":[{"id":112447,"href":"https:\/\/elinformante.mx\/index.php?rest_route=\/wp\/v2\/posts\/112445\/revisions\/112447"}],"wp:featuredmedia":[{"embeddable":true,"href":"https:\/\/elinformante.mx\/index.php?rest_route=\/wp\/v2\/media\/112446"}],"wp:attachment":[{"href":"https:\/\/elinformante.mx\/index.php?rest_route=%2Fwp%2Fv2%2Fmedia&parent=112445"}],"wp:term":[{"taxonomy":"category","embeddable":true,"href":"https:\/\/elinformante.mx\/index.php?rest_route=%2Fwp%2Fv2%2Fcategories&post=112445"},{"taxonomy":"post_tag","embeddable":true,"href":"https:\/\/elinformante.mx\/index.php?rest_route=%2Fwp%2Fv2%2Ftags&post=112445"}],"curies":[{"name":"wp","href":"https:\/\/api.w.org\/{rel}","templated":true}]}}