{"id":112469,"date":"2026-09-03T05:27:58","date_gmt":"2026-09-03T11:27:58","guid":{"rendered":"https:\/\/elinformante.mx\/?p=112469"},"modified":"2026-09-03T05:28:03","modified_gmt":"2026-09-03T11:28:03","slug":"salma-hayek-celebra-60-anos-como-una-estrella-mexicana-que-conquisto-hollywood","status":"publish","type":"post","link":"https:\/\/elinformante.mx\/?p=112469","title":{"rendered":"Salma Hayek celebra 60 a\u00f1os como una estrella mexicana que conquist\u00f3 Hollywood"},"content":{"rendered":"\n<figure class=\"wp-block-pullquote\"><blockquote><p>La actriz veracruzana mantiene una carrera que incluye telenovelas, cine, producci\u00f3n, nominaci\u00f3n al Oscar y un personaje en el Universo Marvel.<\/p><\/blockquote><\/figure>\n\n\n\n<p class=\"has-drop-cap wp-block-paragraph\">Salma Hayek llega este 2 de septiembre a los 60 a\u00f1os convertida en una de las actrices mexicanas con mayor trayectoria en Hollywood. Su historia comenz\u00f3 en la televisi\u00f3n mexicana y termin\u00f3 llev\u00e1ndola a grandes producciones internacionales, donde tambi\u00e9n se consolid\u00f3 como productora.<br><\/p>\n\n\n\n<p class=\"wp-block-paragraph\">Nacida el 2 de septiembre de 1966 en Coatzacoalcos, Veracruz, Hayek comenz\u00f3 su carrera en M\u00e9xico y alcanz\u00f3 gran popularidad con \u201cTeresa\u201d, telenovela que protagoniz\u00f3 entre 1989 y 1991.<br><\/p>\n\n\n\n<p class=\"wp-block-paragraph\">A los 25 a\u00f1os decidi\u00f3 mudarse a Los \u00c1ngeles para buscar oportunidades en el cine estadounidense. En sus primeros a\u00f1os enfrent\u00f3 dificultades por su acento y por la escasez de personajes para mujeres latinas, pero poco a poco consigui\u00f3 abrirse camino.<br><\/p>\n\n\n\n<p class=\"wp-block-paragraph\">Uno de sus primeros grandes pasos lleg\u00f3 con \u201cDesperado\u201d, de Robert Rodriguez, donde comparti\u00f3 cr\u00e9ditos con Antonio Banderas. Posteriormente particip\u00f3 en \u201cFrom Dusk Till Dawn\u201d, cinta en la que interpret\u00f3 a Santanico Pandemonium, personaje que reforz\u00f3 su imagen como s\u00edmbolo sexual.<br><\/p>\n\n\n\n<p class=\"wp-block-paragraph\">Pero Hayek tambi\u00e9n busc\u00f3 regresar a sus ra\u00edces y demostrar su capacidad interpretativa. Particip\u00f3 en \u201cEl callej\u00f3n de los milagros\u201d, de Jorge Fons, actuaci\u00f3n por la que fue nominada al Ariel como mejor actriz.<br><\/p>\n\n\n\n<p class=\"wp-block-paragraph\">Su gran salto lleg\u00f3 con \u201cFrida\u201d, proyecto que no solamente protagoniz\u00f3, sino que ayud\u00f3 a desarrollar y produjo. La cinta, estrenada en 2002 y dirigida por Julie Taymor, le vali\u00f3 una nominaci\u00f3n al Oscar como mejor actriz, convirti\u00e9ndola en la primera mexicana en conseguir esa candidatura en dicha categor\u00eda.<br><\/p>\n\n\n\n<p class=\"wp-block-paragraph\">La actriz tambi\u00e9n consolid\u00f3 su faceta como productora mediante Ventanarosa, compa\u00f1\u00eda que fund\u00f3 en 1999. Desde ah\u00ed particip\u00f3 en proyectos como \u201cEl coronel no tiene quien le escriba\u201d y \u201cUgly Betty\u201d, serie estadounidense que obtuvo un Globo de Oro.<br><\/p>\n\n\n\n<p class=\"wp-block-paragraph\">A lo largo de las siguientes d\u00e9cadas, Hayek combin\u00f3 grandes producciones comerciales con proyectos independientes y continu\u00f3 ampliando sus facetas profesionales, incluso incursionando en la direcci\u00f3n.<br><\/p>\n\n\n\n<p class=\"wp-block-paragraph\">Y cuando parec\u00eda haber recorrido pr\u00e1cticamente todos los caminos de la industria, a los 55 a\u00f1os se convirti\u00f3 en Ajak en \u201cEternals\u201d, incorpor\u00e1ndose al Universo Cinematogr\u00e1fico de Marvel.<br><\/p>\n\n\n\n<p class=\"wp-block-paragraph\">Su participaci\u00f3n como superhero\u00edna tuvo un significado especial para la actriz, pues represent\u00f3 una imagen muy distinta a la que encontr\u00f3 cuando lleg\u00f3 a Estados Unidos d\u00e9cadas atr\u00e1s.<br><\/p>\n\n\n\n<p class=\"wp-block-paragraph\">Tambi\u00e9n form\u00f3 parte de \u201cHouse of Gucci\u201d, trabaj\u00f3 nuevamente como la voz de Kitty Softpaws en \u201cPuss in Boots: The Last Wish\u201d y apareci\u00f3 en \u201cBlack Mirror\u201d y \u201cWithout Blood\u201d.<br><\/p>\n\n\n\n<p class=\"wp-block-paragraph\">A seis d\u00e9cadas de su nacimiento, Salma Hayek mantiene una carrera que comenz\u00f3 con una telenovela mexicana y que termin\u00f3 llev\u00e1ndola a Hollywood, al Oscar y hasta al universo de los superh\u00e9roes.<\/p>\n","protected":false},"excerpt":{"rendered":"<p>La actriz veracruzana mantiene una carrera que incluye telenovelas, cine, producci\u00f3n, nominaci\u00f3n al Oscar y un personaje en el Universo Marvel. Salma Hayek llega este 2 de septiembre a los 60 a\u00f1os convertida en una de las actrices mexicanas con mayor trayectoria en Hollywood. Su historia comenz\u00f3 en la televisi\u00f3n mexicana y termin\u00f3 llev\u00e1ndola a [&hellip;]<\/p>\n","protected":false},"author":1,"featured_media":112474,"comment_status":"closed","ping_status":"closed","sticky":false,"template":"","format":"standard","meta":{"footnotes":""},"categories":[39],"tags":[],"class_list":["post-112469","post","type-post","status-publish","format-standard","has-post-thumbnail","hentry","category-espectaculos"],"_links":{"self":[{"href":"https:\/\/elinformante.mx\/index.php?rest_route=\/wp\/v2\/posts\/112469","targetHints":{"allow":["GET"]}}],"collection":[{"href":"https:\/\/elinformante.mx\/index.php?rest_route=\/wp\/v2\/posts"}],"about":[{"href":"https:\/\/elinformante.mx\/index.php?rest_route=\/wp\/v2\/types\/post"}],"author":[{"embeddable":true,"href":"https:\/\/elinformante.mx\/index.php?rest_route=\/wp\/v2\/users\/1"}],"replies":[{"embeddable":true,"href":"https:\/\/elinformante.mx\/index.php?rest_route=%2Fwp%2Fv2%2Fcomments&post=112469"}],"version-history":[{"count":112475,"href":"https:\/\/elinformante.mx\/index.php?rest_route=\/wp\/v2\/posts\/112469\/revisions"}],"predecessor-version":[{"id":112475,"href":"https:\/\/elinformante.mx\/index.php?rest_route=\/wp\/v2\/posts\/112469\/revisions\/112475"}],"wp:featuredmedia":[{"embeddable":true,"href":"https:\/\/elinformante.mx\/index.php?rest_route=\/wp\/v2\/media\/112474"}],"wp:attachment":[{"href":"https:\/\/elinformante.mx\/index.php?rest_route=%2Fwp%2Fv2%2Fmedia&parent=112469"}],"wp:term":[{"taxonomy":"category","embeddable":true,"href":"https:\/\/elinformante.mx\/index.php?rest_route=%2Fwp%2Fv2%2Fcategories&post=112469"},{"taxonomy":"post_tag","embeddable":true,"href":"https:\/\/elinformante.mx\/index.php?rest_route=%2Fwp%2Fv2%2Ftags&post=112469"}],"curies":[{"name":"wp","href":"https:\/\/api.w.org\/{rel}","templated":true}]}}