{"id":112484,"date":"2026-09-03T05:35:21","date_gmt":"2026-09-03T11:35:21","guid":{"rendered":"https:\/\/elinformante.mx\/?p=112484"},"modified":"2026-09-03T05:35:25","modified_gmt":"2026-09-03T11:35:25","slug":"arsenal-escondido-fgr-asegura-armas-cartuchos-y-cargadores-en-casa-de-durango","status":"publish","type":"post","link":"https:\/\/elinformante.mx\/?p=112484","title":{"rendered":"\u00a1Arsenal escondido! FGR asegura armas, cartuchos y cargadores en casa de Durango"},"content":{"rendered":"\n<figure class=\"wp-block-pullquote\"><blockquote><p>Un cateo en el fraccionamiento Las Calzadas termin\u00f3 con el aseguramiento de armas de fuego, m\u00e1s de un centenar de cartuchos y otros indicios.<\/p><\/blockquote><\/figure>\n\n\n\n<p class=\"has-drop-cap wp-block-paragraph\">Un operativo de la Fiscal\u00eda General de la Rep\u00fablica (FGR) en Durango termin\u00f3 con el aseguramiento de dos armas de fuego, 108 cartuchos de diferentes calibres y dos cargadores, adem\u00e1s de una funda para pistola y una placa vehicular.<br><\/p>\n\n\n\n<p class=\"wp-block-paragraph\">La diligencia se realiz\u00f3 en un domicilio ubicado en el fraccionamiento Las Calzadas, en la ciudad de Durango, luego de que un elemento de la Guardia Nacional reportara haber observado armas en el inmueble.<br><\/p>\n\n\n\n<p class=\"wp-block-paragraph\">Con la informaci\u00f3n obtenida, el Ministerio P\u00fablico Federal inici\u00f3 una investigaci\u00f3n por la probable comisi\u00f3n del delito de portaci\u00f3n de arma de fuego de uso exclusivo de la Fuerza Armada Permanente y solicit\u00f3 una orden de cateo a la autoridad judicial.<br><\/p>\n\n\n\n<p class=\"wp-block-paragraph\">Durante la intervenci\u00f3n participaron elementos de la Polic\u00eda Federal Ministerial y peritos especializados de la FGR, con apoyo de la Guardia Nacional y la Secretar\u00eda de la Defensa Nacional, quienes establecieron un per\u00edmetro de seguridad.<br><\/p>\n\n\n\n<p class=\"wp-block-paragraph\">Entre lo asegurado se encontr\u00f3 un arma equipada con un cargador de disco, adem\u00e1s de los 108 cartuchos y dem\u00e1s objetos localizados durante la inspecci\u00f3n.<br><\/p>\n\n\n\n<p class=\"wp-block-paragraph\">Los indicios quedaron bajo resguardo de la Fiscal\u00eda Especializada de Control Regional, que continuar\u00e1 con las investigaciones para determinar su procedencia y la situaci\u00f3n jur\u00eddica relacionada con el inmueble y los objetos asegurados.<\/p>\n","protected":false},"excerpt":{"rendered":"<p>Un cateo en el fraccionamiento Las Calzadas termin\u00f3 con el aseguramiento de armas de fuego, m\u00e1s de un centenar de cartuchos y otros indicios. Un operativo de la Fiscal\u00eda General de la Rep\u00fablica (FGR) en Durango termin\u00f3 con el aseguramiento de dos armas de fuego, 108 cartuchos de diferentes calibres y dos cargadores, adem\u00e1s de [&hellip;]<\/p>\n","protected":false},"author":1,"featured_media":112489,"comment_status":"closed","ping_status":"closed","sticky":false,"template":"","format":"standard","meta":{"footnotes":""},"categories":[37,34],"tags":[],"class_list":["post-112484","post","type-post","status-publish","format-standard","has-post-thumbnail","hentry","category-justicia","category-nacional"],"_links":{"self":[{"href":"https:\/\/elinformante.mx\/index.php?rest_route=\/wp\/v2\/posts\/112484","targetHints":{"allow":["GET"]}}],"collection":[{"href":"https:\/\/elinformante.mx\/index.php?rest_route=\/wp\/v2\/posts"}],"about":[{"href":"https:\/\/elinformante.mx\/index.php?rest_route=\/wp\/v2\/types\/post"}],"author":[{"embeddable":true,"href":"https:\/\/elinformante.mx\/index.php?rest_route=\/wp\/v2\/users\/1"}],"replies":[{"embeddable":true,"href":"https:\/\/elinformante.mx\/index.php?rest_route=%2Fwp%2Fv2%2Fcomments&post=112484"}],"version-history":[{"count":112490,"href":"https:\/\/elinformante.mx\/index.php?rest_route=\/wp\/v2\/posts\/112484\/revisions"}],"predecessor-version":[{"id":112490,"href":"https:\/\/elinformante.mx\/index.php?rest_route=\/wp\/v2\/posts\/112484\/revisions\/112490"}],"wp:featuredmedia":[{"embeddable":true,"href":"https:\/\/elinformante.mx\/index.php?rest_route=\/wp\/v2\/media\/112489"}],"wp:attachment":[{"href":"https:\/\/elinformante.mx\/index.php?rest_route=%2Fwp%2Fv2%2Fmedia&parent=112484"}],"wp:term":[{"taxonomy":"category","embeddable":true,"href":"https:\/\/elinformante.mx\/index.php?rest_route=%2Fwp%2Fv2%2Fcategories&post=112484"},{"taxonomy":"post_tag","embeddable":true,"href":"https:\/\/elinformante.mx\/index.php?rest_route=%2Fwp%2Fv2%2Ftags&post=112484"}],"curies":[{"name":"wp","href":"https:\/\/api.w.org\/{rel}","templated":true}]}}