{"id":112491,"date":"2026-09-03T05:38:44","date_gmt":"2026-09-03T11:38:44","guid":{"rendered":"https:\/\/elinformante.mx\/?p=112491"},"modified":"2026-09-03T05:38:49","modified_gmt":"2026-09-03T11:38:49","slug":"ataque-a-sangre-fria-el-tepis-es-vinculado-por-matar-a-tres-personas-entre-ellas-un-menor","status":"publish","type":"post","link":"https:\/\/elinformante.mx\/?p=112491","title":{"rendered":"\u00a1Ataque a sangre fr\u00eda! \u201cEl tepis\u201d es vinculado por matar a tres personas, entre ellas un menor"},"content":{"rendered":"\n<figure class=\"wp-block-pullquote\"><blockquote><p>Brandon Salvador \u201cN\u201d, alias \u201cEl Tepis\u201d, habr\u00eda participado en un ataque armado dentro de una vivienda de Cuautitl\u00e1n Izcalli que dej\u00f3 tres personas muertas y otra mujer lesionada.<\/p><\/blockquote><\/figure>\n\n\n\n<p class=\"has-drop-cap wp-block-paragraph\">Un juez vincul\u00f3 a proceso a Brandon Salvador \u201cN\u201d, alias \u201cEl Tepis\u201d, se\u00f1alado por su probable participaci\u00f3n en el homicidio de tres personas, entre ellas un menor de edad, ocurrido en la colonia Santa Mar\u00eda Guadalupe, La Quebrada, en Cuautitl\u00e1n Izcalli.<br><\/p>\n\n\n\n<p class=\"wp-block-paragraph\">Los hechos ocurrieron el pasado 25 de julio, cuando las v\u00edctimas se encontraban descansando dentro de un domicilio. De acuerdo con la investigaci\u00f3n de la Fiscal\u00eda mexiquense, \u201cEl Tepis\u201d habr\u00eda ingresado al inmueble junto con otros cuatro sujetos y comenzaron a abrir las puertas de las habitaciones.<br><\/p>\n\n\n\n<p class=\"wp-block-paragraph\">En uno de los cuartos, uno de los agresores habr\u00eda disparado contra un hombre, quien muri\u00f3 a consecuencia del ataque. Posteriormente, Brandon Salvador \u201cN\u201d y otro de sus acompa\u00f1antes habr\u00edan entrado a otra habitaci\u00f3n, donde se encontraban una mujer y un menor, quienes tambi\u00e9n fueron atacados con armas de fuego.<br><\/p>\n\n\n\n<p class=\"wp-block-paragraph\">Tras las investigaciones, la Fiscal\u00eda identific\u00f3 a \u201cEl Tepis\u201d como uno de los probables responsables y obtuvo una orden de aprehensi\u00f3n en su contra por los delitos de homicidio y homicidio en grado de tentativa.<br><\/p>\n\n\n\n<p class=\"wp-block-paragraph\">Elementos de la instituci\u00f3n cumplimentaron el mandato y lo trasladaron al Centro Penitenciario de Reinserci\u00f3n Social de Cuautitl\u00e1n. El juez determin\u00f3 imponerle prisi\u00f3n preventiva y fij\u00f3 un plazo de tres meses para la investigaci\u00f3n complementaria.<br><\/p>\n\n\n\n<p class=\"wp-block-paragraph\">Las autoridades precisaron que Brandon Salvador \u201cN\u201d debe ser considerado inocente hasta que exista una sentencia condenatoria en su contra.<\/p>\n","protected":false},"excerpt":{"rendered":"<p>Brandon Salvador \u201cN\u201d, alias \u201cEl Tepis\u201d, habr\u00eda participado en un ataque armado dentro de una vivienda de Cuautitl\u00e1n Izcalli que dej\u00f3 tres personas muertas y otra mujer lesionada. Un juez vincul\u00f3 a proceso a Brandon Salvador \u201cN\u201d, alias \u201cEl Tepis\u201d, se\u00f1alado por su probable participaci\u00f3n en el homicidio de tres personas, entre ellas un menor [&hellip;]<\/p>\n","protected":false},"author":1,"featured_media":112496,"comment_status":"closed","ping_status":"closed","sticky":false,"template":"","format":"standard","meta":{"footnotes":""},"categories":[30,36,37],"tags":[],"class_list":["post-112491","post","type-post","status-publish","format-standard","has-post-thumbnail","hentry","category-destacado","category-edomex","category-justicia"],"_links":{"self":[{"href":"https:\/\/elinformante.mx\/index.php?rest_route=\/wp\/v2\/posts\/112491","targetHints":{"allow":["GET"]}}],"collection":[{"href":"https:\/\/elinformante.mx\/index.php?rest_route=\/wp\/v2\/posts"}],"about":[{"href":"https:\/\/elinformante.mx\/index.php?rest_route=\/wp\/v2\/types\/post"}],"author":[{"embeddable":true,"href":"https:\/\/elinformante.mx\/index.php?rest_route=\/wp\/v2\/users\/1"}],"replies":[{"embeddable":true,"href":"https:\/\/elinformante.mx\/index.php?rest_route=%2Fwp%2Fv2%2Fcomments&post=112491"}],"version-history":[{"count":112497,"href":"https:\/\/elinformante.mx\/index.php?rest_route=\/wp\/v2\/posts\/112491\/revisions"}],"predecessor-version":[{"id":112497,"href":"https:\/\/elinformante.mx\/index.php?rest_route=\/wp\/v2\/posts\/112491\/revisions\/112497"}],"wp:featuredmedia":[{"embeddable":true,"href":"https:\/\/elinformante.mx\/index.php?rest_route=\/wp\/v2\/media\/112496"}],"wp:attachment":[{"href":"https:\/\/elinformante.mx\/index.php?rest_route=%2Fwp%2Fv2%2Fmedia&parent=112491"}],"wp:term":[{"taxonomy":"category","embeddable":true,"href":"https:\/\/elinformante.mx\/index.php?rest_route=%2Fwp%2Fv2%2Fcategories&post=112491"},{"taxonomy":"post_tag","embeddable":true,"href":"https:\/\/elinformante.mx\/index.php?rest_route=%2Fwp%2Fv2%2Ftags&post=112491"}],"curies":[{"name":"wp","href":"https:\/\/api.w.org\/{rel}","templated":true}]}}