{"id":112495,"date":"2026-09-03T05:40:50","date_gmt":"2026-09-03T11:40:50","guid":{"rendered":"https:\/\/elinformante.mx\/?p=112495"},"modified":"2026-09-03T05:40:59","modified_gmt":"2026-09-03T11:40:59","slug":"zinacantepec-fortalece-infraestructura-educativa-con-donacion-de-inmueble-a-seiem","status":"publish","type":"post","link":"https:\/\/elinformante.mx\/?p=112495","title":{"rendered":"Zinacantepec fortalece infraestructura educativa con donaci\u00f3n de inmueble a SEIEM"},"content":{"rendered":"\n<figure class=\"wp-block-pullquote\"><blockquote><p>El Cabildo aprob\u00f3 la incorporaci\u00f3n y donaci\u00f3n de un predio en San Juan de las Huertas para contribuir a mejorar las condiciones educativas del municipio.<\/p><\/blockquote><\/figure>\n\n\n\n<p class=\"has-drop-cap wp-block-paragraph\">El presidente municipal Manuel Vilchis Viveros, acompa\u00f1ado por las y los integrantes del Cabildo, encabez\u00f3 la Sexag\u00e9sima Octava Sesi\u00f3n Ordinaria de Cabildo, en la que se aprobaron acuerdos encaminados a fortalecer la infraestructura educativa de Zinacantepec.<br><\/p>\n\n\n\n<p class=\"wp-block-paragraph\">Durante la sesi\u00f3n, el cuerpo edilicio autoriz\u00f3 la afectaci\u00f3n, incorporaci\u00f3n y donaci\u00f3n del inmueble identificado como Lote 1, Manzana 7, del Conjunto Urbano Bosques del Nevado II, ubicado en la comunidad de San Juan de las Huertas, a favor de los Servicios Educativos Integrados al Estado de M\u00e9xico (SEIEM).<br><\/p>\n\n\n\n<figure class=\"wp-block-image size-large\"><img fetchpriority=\"high\" decoding=\"async\" width=\"1024\" height=\"506\" src=\"https:\/\/elinformante.mx\/wp-content\/uploads\/2026\/09\/12ZINA-2-1024x506.jpg\" alt=\"\" class=\"wp-image-112500\" srcset=\"https:\/\/elinformante.mx\/wp-content\/uploads\/2026\/09\/12ZINA-2-1024x506.jpg 1024w, https:\/\/elinformante.mx\/wp-content\/uploads\/2026\/09\/12ZINA-2-300x148.jpg 300w, https:\/\/elinformante.mx\/wp-content\/uploads\/2026\/09\/12ZINA-2-767x379.jpg 767w, https:\/\/elinformante.mx\/wp-content\/uploads\/2026\/09\/12ZINA-2.jpg 1140w\" sizes=\"(max-width: 1024px) 100vw, 1024px\" \/><\/figure>\n\n\n\n<p class=\"wp-block-paragraph\">La medida permitir\u00e1 destinar este patrimonio municipal a fines relacionados con el fortalecimiento de los servicios educativos, contribuyendo a generar mejores condiciones para las comunidades escolares y ampliar las oportunidades para ni\u00f1as, ni\u00f1os y j\u00f3venes del municipio.<br><\/p>\n\n\n\n<p class=\"wp-block-paragraph\">El acuerdo forma parte de las acciones impulsadas por el Gobierno Municipal para atender las necesidades de infraestructura y respaldar proyectos que tengan un impacto positivo en el desarrollo de las nuevas generaciones.<br><\/p>\n\n\n\n<p class=\"wp-block-paragraph\">La administraci\u00f3n encabezada por Manuel Vilchis Viveros refrenda su compromiso de trabajar de manera coordinada con las instituciones educativas y sumar esfuerzos para construir mejores condiciones de aprendizaje y desarrollo para las presentes y futuras generaciones de Zinacantepec.<\/p>\n","protected":false},"excerpt":{"rendered":"<p>El Cabildo aprob\u00f3 la incorporaci\u00f3n y donaci\u00f3n de un predio en San Juan de las Huertas para contribuir a mejorar las condiciones educativas del municipio. El presidente municipal Manuel Vilchis Viveros, acompa\u00f1ado por las y los integrantes del Cabildo, encabez\u00f3 la Sexag\u00e9sima Octava Sesi\u00f3n Ordinaria de Cabildo, en la que se aprobaron acuerdos encaminados a [&hellip;]<\/p>\n","protected":false},"author":1,"featured_media":112499,"comment_status":"closed","ping_status":"closed","sticky":false,"template":"","format":"standard","meta":{"footnotes":""},"categories":[36],"tags":[],"class_list":["post-112495","post","type-post","status-publish","format-standard","has-post-thumbnail","hentry","category-edomex"],"_links":{"self":[{"href":"https:\/\/elinformante.mx\/index.php?rest_route=\/wp\/v2\/posts\/112495","targetHints":{"allow":["GET"]}}],"collection":[{"href":"https:\/\/elinformante.mx\/index.php?rest_route=\/wp\/v2\/posts"}],"about":[{"href":"https:\/\/elinformante.mx\/index.php?rest_route=\/wp\/v2\/types\/post"}],"author":[{"embeddable":true,"href":"https:\/\/elinformante.mx\/index.php?rest_route=\/wp\/v2\/users\/1"}],"replies":[{"embeddable":true,"href":"https:\/\/elinformante.mx\/index.php?rest_route=%2Fwp%2Fv2%2Fcomments&post=112495"}],"version-history":[{"count":112501,"href":"https:\/\/elinformante.mx\/index.php?rest_route=\/wp\/v2\/posts\/112495\/revisions"}],"predecessor-version":[{"id":112501,"href":"https:\/\/elinformante.mx\/index.php?rest_route=\/wp\/v2\/posts\/112495\/revisions\/112501"}],"wp:featuredmedia":[{"embeddable":true,"href":"https:\/\/elinformante.mx\/index.php?rest_route=\/wp\/v2\/media\/112499"}],"wp:attachment":[{"href":"https:\/\/elinformante.mx\/index.php?rest_route=%2Fwp%2Fv2%2Fmedia&parent=112495"}],"wp:term":[{"taxonomy":"category","embeddable":true,"href":"https:\/\/elinformante.mx\/index.php?rest_route=%2Fwp%2Fv2%2Fcategories&post=112495"},{"taxonomy":"post_tag","embeddable":true,"href":"https:\/\/elinformante.mx\/index.php?rest_route=%2Fwp%2Fv2%2Ftags&post=112495"}],"curies":[{"name":"wp","href":"https:\/\/api.w.org\/{rel}","templated":true}]}}