{"id":112498,"date":"2026-09-03T05:42:55","date_gmt":"2026-09-03T11:42:55","guid":{"rendered":"https:\/\/elinformante.mx\/?p=112498"},"modified":"2026-09-03T05:47:40","modified_gmt":"2026-09-03T11:47:40","slug":"san-mateo-atenco-anuncia-ley-seca-para-las-fiestas-patrias-2026","status":"publish","type":"post","link":"https:\/\/elinformante.mx\/?p=112498","title":{"rendered":"San Mateo Atenco anuncia Ley Seca para las Fiestas Patrias 2026"},"content":{"rendered":"\n<figure class=\"wp-block-pullquote\"><blockquote><p>Las disposiciones fueron aprobadas durante la Trig\u00e9sima Quinta Sesi\u00f3n Ordinaria de Cabildo, celebrada el pasado 20 de agosto.<\/p><\/blockquote><\/figure>\n\n\n\n<p class=\"has-drop-cap wp-block-paragraph\">Con el objetivo de garantizar el orden, la seguridad y la integridad de las familias atenquenses y visitantes durante las celebraciones de las Fiestas Patrias 2026, el Ayuntamiento de San Mateo Atenco implementar\u00e1 una serie de medidas preventivas los d\u00edas 15 y 16 de septiembre.<br><\/p>\n\n\n\n<p class=\"wp-block-paragraph\">Las disposiciones fueron aprobadas durante la Trig\u00e9sima Quinta Sesi\u00f3n Ordinaria de Cabildo, celebrada el pasado 20 de agosto, y contemplan restricciones para la venta, distribuci\u00f3n y consumo de bebidas alcoh\u00f3licas en la v\u00eda p\u00fablica y establecimientos ubicados dentro del pol\u00edgono establecido por el Bando Municipal 2026.<br><\/p>\n\n\n\n<p class=\"wp-block-paragraph\">La prohibici\u00f3n estar\u00e1 vigente desde las 00:01 horas del 15 de septiembre hasta las 23:59 horas del 16 de septiembre de 2026 y contempla tanto bebidas en botella cerrada como aquellas destinadas al consumo inmediato. Quedan exceptuados los establecimientos cuya actividad principal sea la venta de alimentos.<br><\/p>\n\n\n\n<p class=\"wp-block-paragraph\">Asimismo, estar\u00e1 prohibida la venta, distribuci\u00f3n y acopio de productos de p\u00f3lvora, entre ellos cohetes, corredizos, palomas y toritos, salvo aquellos casos que cuenten con la autorizaci\u00f3n correspondiente de las autoridades competentes. El incumplimiento de estas disposiciones ser\u00e1 sancionado conforme a la normatividad vigente.<br><\/p>\n\n\n\n<p class=\"wp-block-paragraph\">Como parte del operativo preventivo, se instalar\u00e1n filtros de seguridad en los accesos y salidas del primer cuadro de la cabecera municipal y en el centro del barrio de Santa Mar\u00eda. En estos puntos se impedir\u00e1 el ingreso de bebidas alcoh\u00f3licas, productos de p\u00f3lvora, armas, objetos punzocortantes o contundentes, sustancias psicoactivas, botes de espuma y cualquier otro art\u00edculo que pueda representar un riesgo para las personas asistentes.<br><\/p>\n\n\n\n<p class=\"wp-block-paragraph\">El Ayuntamiento hizo un llamado a la ciudadan\u00eda a participar en las celebraciones de manera responsable y atender las indicaciones de las autoridades. Tambi\u00e9n record\u00f3 que ni\u00f1as, ni\u00f1os, adolescentes, personas adultas mayores y personas con discapacidad deber\u00e1n acudir acompa\u00f1ados por una persona adulta responsable, a fin de contribuir a su cuidado y seguridad durante los festejos.<\/p>\n","protected":false},"excerpt":{"rendered":"<p>Las disposiciones fueron aprobadas durante la Trig\u00e9sima Quinta Sesi\u00f3n Ordinaria de Cabildo, celebrada el pasado 20 de agosto. Con el objetivo de garantizar el orden, la seguridad y la integridad de las familias atenquenses y visitantes durante las celebraciones de las Fiestas Patrias 2026, el Ayuntamiento de San Mateo Atenco implementar\u00e1 una serie de medidas [&hellip;]<\/p>\n","protected":false},"author":1,"featured_media":112503,"comment_status":"closed","ping_status":"closed","sticky":false,"template":"","format":"standard","meta":{"footnotes":""},"categories":[30,36],"tags":[],"class_list":["post-112498","post","type-post","status-publish","format-standard","has-post-thumbnail","hentry","category-destacado","category-edomex"],"_links":{"self":[{"href":"https:\/\/elinformante.mx\/index.php?rest_route=\/wp\/v2\/posts\/112498","targetHints":{"allow":["GET"]}}],"collection":[{"href":"https:\/\/elinformante.mx\/index.php?rest_route=\/wp\/v2\/posts"}],"about":[{"href":"https:\/\/elinformante.mx\/index.php?rest_route=\/wp\/v2\/types\/post"}],"author":[{"embeddable":true,"href":"https:\/\/elinformante.mx\/index.php?rest_route=\/wp\/v2\/users\/1"}],"replies":[{"embeddable":true,"href":"https:\/\/elinformante.mx\/index.php?rest_route=%2Fwp%2Fv2%2Fcomments&post=112498"}],"version-history":[{"count":112510,"href":"https:\/\/elinformante.mx\/index.php?rest_route=\/wp\/v2\/posts\/112498\/revisions"}],"predecessor-version":[{"id":112510,"href":"https:\/\/elinformante.mx\/index.php?rest_route=\/wp\/v2\/posts\/112498\/revisions\/112510"}],"wp:featuredmedia":[{"embeddable":true,"href":"https:\/\/elinformante.mx\/index.php?rest_route=\/wp\/v2\/media\/112503"}],"wp:attachment":[{"href":"https:\/\/elinformante.mx\/index.php?rest_route=%2Fwp%2Fv2%2Fmedia&parent=112498"}],"wp:term":[{"taxonomy":"category","embeddable":true,"href":"https:\/\/elinformante.mx\/index.php?rest_route=%2Fwp%2Fv2%2Fcategories&post=112498"},{"taxonomy":"post_tag","embeddable":true,"href":"https:\/\/elinformante.mx\/index.php?rest_route=%2Fwp%2Fv2%2Ftags&post=112498"}],"curies":[{"name":"wp","href":"https:\/\/api.w.org\/{rel}","templated":true}]}}