{"id":112502,"date":"2026-09-03T05:46:15","date_gmt":"2026-09-03T11:46:15","guid":{"rendered":"https:\/\/elinformante.mx\/?p=112502"},"modified":"2026-09-03T05:46:19","modified_gmt":"2026-09-03T11:46:19","slug":"isaac-montoya-reconoce-la-trayectoria-de-las-personas-adultas-mayores-de-naucalpan","status":"publish","type":"post","link":"https:\/\/elinformante.mx\/?p=112502","title":{"rendered":"Isaac Montoya reconoce la trayectoria de las personas adultas mayores de Naucalpan"},"content":{"rendered":"\n<figure class=\"wp-block-pullquote\"><blockquote><p>El alcalde destac\u00f3 la importancia de reconocer la trayectoria de quienes, mediante su trabajo, esfuerzo y fortaleza, han contribuido a construir los barrios, colonias, fraccionamientos y pueblos que integran el municipio.<\/p><\/blockquote><\/figure>\n\n\n\n<p class=\"has-drop-cap wp-block-paragraph\">El presidente municipal Isaac Montoya M\u00e1rquez encabez\u00f3 una jornada de convivencia y reconocimiento con m\u00e1s de 150 personas adultas mayores de distintos clubes de Naucalpan, durante la Kerm\u00e9s Intergeneracional realizada en el Centro de Educaci\u00f3n y Formaci\u00f3n Especializada (CEFE) del Parque Naucalli.<br><\/p>\n\n\n\n<p class=\"wp-block-paragraph\">El encuentro fue organizado en coordinaci\u00f3n con Walmart de M\u00e9xico y Centroam\u00e9rica y, a trav\u00e9s del Sistema Municipal DIF Naucalpan, encabezado por su presidenta honoraria, Adriana G. Escobar, ofreci\u00f3 un espacio de convivencia, m\u00fasica y celebraci\u00f3n para las personas adultas mayores.<br><\/p>\n\n\n\n<p class=\"wp-block-paragraph\">Durante la jornada, el alcalde destac\u00f3 la importancia de reconocer la trayectoria de quienes, mediante su trabajo, esfuerzo y fortaleza, han contribuido a construir los barrios, colonias, fraccionamientos y pueblos que integran Naucalpan.<br><\/p>\n\n\n\n<p class=\"wp-block-paragraph\">Montoya M\u00e1rquez reconoci\u00f3 la colaboraci\u00f3n de Walmart de M\u00e9xico y Centroam\u00e9rica, as\u00ed como la participaci\u00f3n de Merli Garc\u00eda, subdirectora de Asistencia al Adulto Mayor; Javier Trevi\u00f1o, vicepresidente Senior de Asuntos Corporativos de la empresa; Eduardo Villarreal, vicepresidente de Walmart M\u00e9xico, y de las personas voluntarias que hicieron posible la actividad.<br><\/p>\n\n\n\n<p class=\"wp-block-paragraph\">El presidente municipal se\u00f1al\u00f3 que el Gobierno de Naucalpan continuar\u00e1 impulsando la coordinaci\u00f3n con la iniciativa privada bajo principios de transparencia y reglas claras, siempre que estas alianzas se traduzcan en acciones de bienestar para las familias del municipio.<br><\/p>\n\n\n\n<p class=\"wp-block-paragraph\">Asimismo, subray\u00f3 que una sociedad que reconoce y cuida a sus personas adultas mayores fortalece sus ra\u00edces y construye con mayor claridad el futuro que desea. En este sentido, refrend\u00f3 el compromiso de su administraci\u00f3n para fortalecer el acompa\u00f1amiento, la atenci\u00f3n y el reconocimiento a este sector de la poblaci\u00f3n.<\/p>\n","protected":false},"excerpt":{"rendered":"<p>El alcalde destac\u00f3 la importancia de reconocer la trayectoria de quienes, mediante su trabajo, esfuerzo y fortaleza, han contribuido a construir los barrios, colonias, fraccionamientos y pueblos que integran el municipio. El presidente municipal Isaac Montoya M\u00e1rquez encabez\u00f3 una jornada de convivencia y reconocimiento con m\u00e1s de 150 personas adultas mayores de distintos clubes de [&hellip;]<\/p>\n","protected":false},"author":1,"featured_media":112507,"comment_status":"closed","ping_status":"closed","sticky":false,"template":"","format":"standard","meta":{"footnotes":""},"categories":[36],"tags":[],"class_list":["post-112502","post","type-post","status-publish","format-standard","has-post-thumbnail","hentry","category-edomex"],"_links":{"self":[{"href":"https:\/\/elinformante.mx\/index.php?rest_route=\/wp\/v2\/posts\/112502","targetHints":{"allow":["GET"]}}],"collection":[{"href":"https:\/\/elinformante.mx\/index.php?rest_route=\/wp\/v2\/posts"}],"about":[{"href":"https:\/\/elinformante.mx\/index.php?rest_route=\/wp\/v2\/types\/post"}],"author":[{"embeddable":true,"href":"https:\/\/elinformante.mx\/index.php?rest_route=\/wp\/v2\/users\/1"}],"replies":[{"embeddable":true,"href":"https:\/\/elinformante.mx\/index.php?rest_route=%2Fwp%2Fv2%2Fcomments&post=112502"}],"version-history":[{"count":112508,"href":"https:\/\/elinformante.mx\/index.php?rest_route=\/wp\/v2\/posts\/112502\/revisions"}],"predecessor-version":[{"id":112508,"href":"https:\/\/elinformante.mx\/index.php?rest_route=\/wp\/v2\/posts\/112502\/revisions\/112508"}],"wp:featuredmedia":[{"embeddable":true,"href":"https:\/\/elinformante.mx\/index.php?rest_route=\/wp\/v2\/media\/112507"}],"wp:attachment":[{"href":"https:\/\/elinformante.mx\/index.php?rest_route=%2Fwp%2Fv2%2Fmedia&parent=112502"}],"wp:term":[{"taxonomy":"category","embeddable":true,"href":"https:\/\/elinformante.mx\/index.php?rest_route=%2Fwp%2Fv2%2Fcategories&post=112502"},{"taxonomy":"post_tag","embeddable":true,"href":"https:\/\/elinformante.mx\/index.php?rest_route=%2Fwp%2Fv2%2Ftags&post=112502"}],"curies":[{"name":"wp","href":"https:\/\/api.w.org\/{rel}","templated":true}]}}