{"id":112506,"date":"2026-09-03T05:52:23","date_gmt":"2026-09-03T11:52:23","guid":{"rendered":"https:\/\/elinformante.mx\/?p=112506"},"modified":"2026-09-03T05:52:30","modified_gmt":"2026-09-03T11:52:30","slug":"san-mateo-atenco-lleva-el-talento-de-sus-artesanos-a-sedagro-con-la-ruta-del-calzado-2026","status":"publish","type":"post","link":"https:\/\/elinformante.mx\/?p=112506","title":{"rendered":"San Mateo Atenco lleva el talento de sus artesanos a SEDAGRO con \u201cLa Ruta del Calzado 2026\u201d"},"content":{"rendered":"\n<figure class=\"wp-block-pullquote\"><blockquote><p>La expoventa re\u00fane productos de piel elaborados por manos atenquenses y promueve el consumo local y una econom\u00eda m\u00e1s sostenible.<\/p><\/blockquote><\/figure>\n\n\n\n<p class=\"has-drop-cap wp-block-paragraph\">El talento de las y los productores de San Mateo Atenco lleg\u00f3 al Conjunto SEDAGRO con \u201cLa Ruta del Calzado 2026\u201d, iniciativa que impulsa la presidenta municipal Ana Mu\u00f1iz Neyra para fortalecer la econom\u00eda de las familias dedicadas a la elaboraci\u00f3n de calzado y art\u00edculos de piel.<br><\/p>\n\n\n\n<p class=\"wp-block-paragraph\">Con el respaldo de la secretaria de Medio Ambiente del Estado de M\u00e9xico, Alhely R. Arronis, se instal\u00f3 esta expoventa en la que servidores p\u00fablicos y visitantes pueden encontrar una amplia variedad de productos elaborados por productores atenquenses, con el prop\u00f3sito de fomentar el consumo de art\u00edculos \u201cHechos en San Mateo Atenco\u201d.<br><\/p>\n\n\n\n<p class=\"wp-block-paragraph\">La actividad representa una oportunidad para visibilizar el trabajo de las familias productoras y fortalecer los canales de comercializaci\u00f3n de uno de los sectores que distinguen al municipio, al tiempo que se promueve el consumo responsable y de productos locales.<br><\/p>\n\n\n\n<p class=\"wp-block-paragraph\">La jornada tambi\u00e9n busca contribuir a una econom\u00eda circular, mediante h\u00e1bitos de consumo m\u00e1s responsables y amigables con el medio ambiente, vinculando el fortalecimiento de la econom\u00eda local con acciones orientadas hacia un desarrollo sostenible.<br><\/p>\n\n\n\n<p class=\"wp-block-paragraph\">En este esfuerzo participan la Direcci\u00f3n de Promoci\u00f3n al Calzado, encabezada por Gabriela Lorenzana, as\u00ed como la Direcci\u00f3n de Medio Ambiente, a cargo de Laura Soberanes Rojas, adem\u00e1s de productoras y productores que representan el talento y la tradici\u00f3n zapatera de San Mateo Atenco.<br><\/p>\n\n\n\n<p class=\"wp-block-paragraph\">La presidenta municipal Ana Mu\u00f1iz Neyra destac\u00f3 la importancia de sumar esfuerzos con el Gobierno del Estado de M\u00e9xico para abrir espacios de promoci\u00f3n y comercializaci\u00f3n que permitan a las familias productoras fortalecer sus ingresos y mantener vigente la tradici\u00f3n del calzado atenquense.<\/p>\n","protected":false},"excerpt":{"rendered":"<p>La expoventa re\u00fane productos de piel elaborados por manos atenquenses y promueve el consumo local y una econom\u00eda m\u00e1s sostenible. El talento de las y los productores de San Mateo Atenco lleg\u00f3 al Conjunto SEDAGRO con \u201cLa Ruta del Calzado 2026\u201d, iniciativa que impulsa la presidenta municipal Ana Mu\u00f1iz Neyra para fortalecer la econom\u00eda de [&hellip;]<\/p>\n","protected":false},"author":1,"featured_media":112511,"comment_status":"closed","ping_status":"closed","sticky":false,"template":"","format":"standard","meta":{"footnotes":""},"categories":[30,36],"tags":[],"class_list":["post-112506","post","type-post","status-publish","format-standard","has-post-thumbnail","hentry","category-destacado","category-edomex"],"_links":{"self":[{"href":"https:\/\/elinformante.mx\/index.php?rest_route=\/wp\/v2\/posts\/112506","targetHints":{"allow":["GET"]}}],"collection":[{"href":"https:\/\/elinformante.mx\/index.php?rest_route=\/wp\/v2\/posts"}],"about":[{"href":"https:\/\/elinformante.mx\/index.php?rest_route=\/wp\/v2\/types\/post"}],"author":[{"embeddable":true,"href":"https:\/\/elinformante.mx\/index.php?rest_route=\/wp\/v2\/users\/1"}],"replies":[{"embeddable":true,"href":"https:\/\/elinformante.mx\/index.php?rest_route=%2Fwp%2Fv2%2Fcomments&post=112506"}],"version-history":[{"count":112512,"href":"https:\/\/elinformante.mx\/index.php?rest_route=\/wp\/v2\/posts\/112506\/revisions"}],"predecessor-version":[{"id":112512,"href":"https:\/\/elinformante.mx\/index.php?rest_route=\/wp\/v2\/posts\/112506\/revisions\/112512"}],"wp:featuredmedia":[{"embeddable":true,"href":"https:\/\/elinformante.mx\/index.php?rest_route=\/wp\/v2\/media\/112511"}],"wp:attachment":[{"href":"https:\/\/elinformante.mx\/index.php?rest_route=%2Fwp%2Fv2%2Fmedia&parent=112506"}],"wp:term":[{"taxonomy":"category","embeddable":true,"href":"https:\/\/elinformante.mx\/index.php?rest_route=%2Fwp%2Fv2%2Fcategories&post=112506"},{"taxonomy":"post_tag","embeddable":true,"href":"https:\/\/elinformante.mx\/index.php?rest_route=%2Fwp%2Fv2%2Ftags&post=112506"}],"curies":[{"name":"wp","href":"https:\/\/api.w.org\/{rel}","templated":true}]}}