{"id":112513,"date":"2026-09-03T06:04:10","date_gmt":"2026-09-03T12:04:10","guid":{"rendered":"https:\/\/elinformante.mx\/?p=112513"},"modified":"2026-09-03T06:04:14","modified_gmt":"2026-09-03T12:04:14","slug":"fernando-flores-fortalece-dialogo-con-sectores-empresariales-educativos-y-juveniles-de-metepec","status":"publish","type":"post","link":"https:\/\/elinformante.mx\/?p=112513","title":{"rendered":"Fernando Flores fortalece di\u00e1logo con sectores empresariales, educativos y juveniles de Metepec"},"content":{"rendered":"\n<figure class=\"wp-block-pullquote\"><blockquote><p>En los encuentros escucha las propuestas y generar alianzas que contribuyan al desarrollo del municipio.<\/p><\/blockquote><\/figure>\n\n\n\n<p class=\"has-drop-cap wp-block-paragraph\">El presidente municipal de Metepec, Fernando Flores Fern\u00e1ndez, fortalece el di\u00e1logo con distintos sectores de la sociedad para intercambiar ideas, escuchar propuestas y construir acuerdos que contribuyan al desarrollo del municipio.<br><\/p>\n\n\n\n<p class=\"wp-block-paragraph\">Como parte de esta agenda, el alcalde particip\u00f3 en una reuni\u00f3n plenaria con l\u00edderes y trabajadores de importantes firmas y empresas, donde comparti\u00f3 experiencias sobre su trayectoria como servidor p\u00fablico y dialog\u00f3 sobre temas relacionados con el trabajo y la vida cotidiana.<br><\/p>\n\n\n\n<p class=\"wp-block-paragraph\">El encuentro fue posible gracias a la invitaci\u00f3n de Norma Patricia Garc\u00eda Flores, secretaria general de la Federaci\u00f3n Valle de Toluca, y permiti\u00f3 estrechar v\u00ednculos con representantes del sector laboral y empresarial.<br><\/p>\n\n\n\n<figure class=\"wp-block-image size-large\"><img fetchpriority=\"high\" decoding=\"async\" width=\"1024\" height=\"506\" src=\"https:\/\/elinformante.mx\/wp-content\/uploads\/2026\/09\/11metepec-2-2-1024x506.jpg\" alt=\"\" class=\"wp-image-112520\" srcset=\"https:\/\/elinformante.mx\/wp-content\/uploads\/2026\/09\/11metepec-2-2-1024x506.jpg 1024w, https:\/\/elinformante.mx\/wp-content\/uploads\/2026\/09\/11metepec-2-2-300x148.jpg 300w, https:\/\/elinformante.mx\/wp-content\/uploads\/2026\/09\/11metepec-2-2-767x379.jpg 767w, https:\/\/elinformante.mx\/wp-content\/uploads\/2026\/09\/11metepec-2-2.jpg 1140w\" sizes=\"(max-width: 1024px) 100vw, 1024px\" \/><\/figure>\n\n\n\n<p class=\"wp-block-paragraph\">En materia educativa, Fernando Flores tambi\u00e9n sostuvo una reuni\u00f3n con Leticia Garc\u00eda, directora del CBTIS 203, con quien intercambi\u00f3 puntos de vista y propuestas para continuar sumando esfuerzos en beneficio de la comunidad estudiantil.<br><\/p>\n\n\n\n<p class=\"wp-block-paragraph\">Asimismo, el Presidente Municipal se reuni\u00f3 con j\u00f3venes del Tecnol\u00f3gico de Toluca, quienes presentaron propuestas relacionadas con su Proyecto de Seguridad. Durante este encuentro estuvo acompa\u00f1ado por el comisario Jes\u00fas Ram\u00edrez Manzur, con el objetivo de escuchar de primera mano las inquietudes y planteamientos de las nuevas generaciones.<br><\/p>\n\n\n\n<p class=\"wp-block-paragraph\">Flores Fern\u00e1ndez destac\u00f3 la importancia de mantener una administraci\u00f3n cercana y abierta al di\u00e1logo, particularmente con j\u00f3venes, trabajadores, empresarios y representantes del sector educativo, al considerar que la participaci\u00f3n de distintos sectores permite encontrar mejores soluciones para las necesidades de Metepec.<br><\/p>\n\n\n\n<p class=\"wp-block-paragraph\">Con estos encuentros se refrenda su disposici\u00f3n para hacer equipo con la sociedad, sumar capacidades y generar propuestas que contribuyan a un Metepec con mayores oportunidades y mejores condiciones para sus habitantes.<\/p>\n","protected":false},"excerpt":{"rendered":"<p>En los encuentros escucha las propuestas y generar alianzas que contribuyan al desarrollo del municipio. El presidente municipal de Metepec, Fernando Flores Fern\u00e1ndez, fortalece el di\u00e1logo con distintos sectores de la sociedad para intercambiar ideas, escuchar propuestas y construir acuerdos que contribuyan al desarrollo del municipio. Como parte de esta agenda, el alcalde particip\u00f3 en [&hellip;]<\/p>\n","protected":false},"author":1,"featured_media":112519,"comment_status":"closed","ping_status":"closed","sticky":false,"template":"","format":"standard","meta":{"footnotes":""},"categories":[36],"tags":[],"class_list":["post-112513","post","type-post","status-publish","format-standard","has-post-thumbnail","hentry","category-edomex"],"_links":{"self":[{"href":"https:\/\/elinformante.mx\/index.php?rest_route=\/wp\/v2\/posts\/112513","targetHints":{"allow":["GET"]}}],"collection":[{"href":"https:\/\/elinformante.mx\/index.php?rest_route=\/wp\/v2\/posts"}],"about":[{"href":"https:\/\/elinformante.mx\/index.php?rest_route=\/wp\/v2\/types\/post"}],"author":[{"embeddable":true,"href":"https:\/\/elinformante.mx\/index.php?rest_route=\/wp\/v2\/users\/1"}],"replies":[{"embeddable":true,"href":"https:\/\/elinformante.mx\/index.php?rest_route=%2Fwp%2Fv2%2Fcomments&post=112513"}],"version-history":[{"count":112521,"href":"https:\/\/elinformante.mx\/index.php?rest_route=\/wp\/v2\/posts\/112513\/revisions"}],"predecessor-version":[{"id":112521,"href":"https:\/\/elinformante.mx\/index.php?rest_route=\/wp\/v2\/posts\/112513\/revisions\/112521"}],"wp:featuredmedia":[{"embeddable":true,"href":"https:\/\/elinformante.mx\/index.php?rest_route=\/wp\/v2\/media\/112519"}],"wp:attachment":[{"href":"https:\/\/elinformante.mx\/index.php?rest_route=%2Fwp%2Fv2%2Fmedia&parent=112513"}],"wp:term":[{"taxonomy":"category","embeddable":true,"href":"https:\/\/elinformante.mx\/index.php?rest_route=%2Fwp%2Fv2%2Fcategories&post=112513"},{"taxonomy":"post_tag","embeddable":true,"href":"https:\/\/elinformante.mx\/index.php?rest_route=%2Fwp%2Fv2%2Ftags&post=112513"}],"curies":[{"name":"wp","href":"https:\/\/api.w.org\/{rel}","templated":true}]}}