{"id":112522,"date":"2026-09-03T06:08:09","date_gmt":"2026-09-03T12:08:09","guid":{"rendered":"https:\/\/elinformante.mx\/?p=112522"},"modified":"2026-09-03T06:08:13","modified_gmt":"2026-09-03T12:08:13","slug":"impulsan-a-emprendedores-del-oriente-del-edomex-con-asesoria-y-capacitacion-gratuita","status":"publish","type":"post","link":"https:\/\/elinformante.mx\/?p=112522","title":{"rendered":"Impulsan a emprendedores del oriente del Edom\u00e9x con asesor\u00eda y capacitaci\u00f3n gratuita"},"content":{"rendered":"\n<figure class=\"wp-block-pullquote\"><blockquote><p>El Gobierno estatal suma por primera vez a una organizaci\u00f3n empresarial para fortalecer negocios y promover la formalizaci\u00f3n.<\/p><\/blockquote><\/figure>\n\n\n\n<p class=\"has-drop-cap wp-block-paragraph\">El Gobierno del Estado de M\u00e9xico, encabezado por la maestra Delfina G\u00f3mez \u00c1lvarez, incorpor\u00f3 nuevos servicios de orientaci\u00f3n y capacitaci\u00f3n empresarial a las Caravanas Itinerantes por la Justicia Social, mediante un convenio de colaboraci\u00f3n entre la Consejer\u00eda Jur\u00eddica y la Coparmex Estado de M\u00e9xico Oriente.<br><\/p>\n\n\n\n<p class=\"wp-block-paragraph\">Durante la inauguraci\u00f3n de las Caravanas en Huehuetoca, Jes\u00fas George Zamora, consejero jur\u00eddico estatal, destac\u00f3 que la participaci\u00f3n del sector empresarial permitir\u00e1 ampliar el alcance de esta estrategia y acercar nuevas oportunidades a emprendedores y microempresarios de la Zona Oriente.<br><\/p>\n\n\n\n<p class=\"wp-block-paragraph\">Con este acuerdo, las personas interesadas en iniciar o fortalecer un negocio podr\u00e1n acceder gratuitamente a orientaci\u00f3n para emprender, capacitaci\u00f3n, cursos, asesor\u00eda para la formalizaci\u00f3n de empresas y vinculaci\u00f3n con programas de fortalecimiento econ\u00f3mico, adem\u00e1s de herramientas del Sistema Mi COPARMEX Digital.<br><\/p>\n\n\n\n<p class=\"wp-block-paragraph\">George Zamora resalt\u00f3 que esta colaboraci\u00f3n representa un paso importante, al sumar por primera vez a una organizaci\u00f3n empresarial a las Caravanas, mediante un trabajo conjunto entre autoridades, sociedad civil y sector privado en beneficio de las comunidades.<br><\/p>\n\n\n\n<p class=\"wp-block-paragraph\">Por su parte, \u00c1ngel de Jes\u00fas Barbosa G\u00f3mez, presidente de Coparmex Estado de M\u00e9xico Oriente, se\u00f1al\u00f3 que la organizaci\u00f3n busca respaldar a quienes tienen inter\u00e9s en emprender, incorporarse a la formalidad y generar empleos desde sus propios negocios.<br><\/p>\n\n\n\n<p class=\"wp-block-paragraph\">Con esta incorporaci\u00f3n, las Caravanas Itinerantes por la Justicia Social cuentan ya con la participaci\u00f3n de m\u00e1s de 33 dependencias e instituciones, que acercan a las comunidades m\u00e1s de 125 tr\u00e1mites y servicios gratuitos o a bajo costo.<\/p>\n","protected":false},"excerpt":{"rendered":"<p>El Gobierno estatal suma por primera vez a una organizaci\u00f3n empresarial para fortalecer negocios y promover la formalizaci\u00f3n. El Gobierno del Estado de M\u00e9xico, encabezado por la maestra Delfina G\u00f3mez \u00c1lvarez, incorpor\u00f3 nuevos servicios de orientaci\u00f3n y capacitaci\u00f3n empresarial a las Caravanas Itinerantes por la Justicia Social, mediante un convenio de colaboraci\u00f3n entre la Consejer\u00eda [&hellip;]<\/p>\n","protected":false},"author":1,"featured_media":112526,"comment_status":"closed","ping_status":"closed","sticky":false,"template":"","format":"standard","meta":{"footnotes":""},"categories":[36],"tags":[],"class_list":["post-112522","post","type-post","status-publish","format-standard","has-post-thumbnail","hentry","category-edomex"],"_links":{"self":[{"href":"https:\/\/elinformante.mx\/index.php?rest_route=\/wp\/v2\/posts\/112522","targetHints":{"allow":["GET"]}}],"collection":[{"href":"https:\/\/elinformante.mx\/index.php?rest_route=\/wp\/v2\/posts"}],"about":[{"href":"https:\/\/elinformante.mx\/index.php?rest_route=\/wp\/v2\/types\/post"}],"author":[{"embeddable":true,"href":"https:\/\/elinformante.mx\/index.php?rest_route=\/wp\/v2\/users\/1"}],"replies":[{"embeddable":true,"href":"https:\/\/elinformante.mx\/index.php?rest_route=%2Fwp%2Fv2%2Fcomments&post=112522"}],"version-history":[{"count":112527,"href":"https:\/\/elinformante.mx\/index.php?rest_route=\/wp\/v2\/posts\/112522\/revisions"}],"predecessor-version":[{"id":112527,"href":"https:\/\/elinformante.mx\/index.php?rest_route=\/wp\/v2\/posts\/112522\/revisions\/112527"}],"wp:featuredmedia":[{"embeddable":true,"href":"https:\/\/elinformante.mx\/index.php?rest_route=\/wp\/v2\/media\/112526"}],"wp:attachment":[{"href":"https:\/\/elinformante.mx\/index.php?rest_route=%2Fwp%2Fv2%2Fmedia&parent=112522"}],"wp:term":[{"taxonomy":"category","embeddable":true,"href":"https:\/\/elinformante.mx\/index.php?rest_route=%2Fwp%2Fv2%2Fcategories&post=112522"},{"taxonomy":"post_tag","embeddable":true,"href":"https:\/\/elinformante.mx\/index.php?rest_route=%2Fwp%2Fv2%2Ftags&post=112522"}],"curies":[{"name":"wp","href":"https:\/\/api.w.org\/{rel}","templated":true}]}}