{"id":112528,"date":"2026-09-03T06:14:59","date_gmt":"2026-09-03T12:14:59","guid":{"rendered":"https:\/\/elinformante.mx\/?p=112528"},"modified":"2026-09-03T06:15:03","modified_gmt":"2026-09-03T12:15:03","slug":"gem-invita-a-jovenes-a-combatir-el-cambio-climatico-con-arte-creatividad-y-humor","status":"publish","type":"post","link":"https:\/\/elinformante.mx\/?p=112528","title":{"rendered":"GEM invita a j\u00f3venes a combatir el cambio clim\u00e1tico con arte, creatividad y humor"},"content":{"rendered":"\n<figure class=\"wp-block-pullquote\"><blockquote><p>El concurso \u201cEco-Expr\u00e9sate\u201d est\u00e1 dirigido a estudiantes de preparatoria y universidad; habr\u00e1 premios tecnol\u00f3gicos para los tres primeros lugares.<\/p><\/blockquote><\/figure>\n\n\n\n<p class=\"has-drop-cap wp-block-paragraph\">El Gobierno del Estado de M\u00e9xico, encabezado por la gobernadora Delfina G\u00f3mez \u00c1lvarez, convoc\u00f3 a estudiantes de Educaci\u00f3n Media Superior y Superior a participar en \u201cEco-Expr\u00e9sate\u201d, concurso de s\u00e1tira ambiental que busca generar conciencia sobre el cambio clim\u00e1tico mediante el arte, la creatividad y el humor.<br><\/p>\n\n\n\n<p class=\"wp-block-paragraph\">A trav\u00e9s de la Secretar\u00eda del Medio Ambiente y Desarrollo Sostenible (SMAyDS), la convocatoria invita a las y los j\u00f3venes mexiquenses a presentar propuestas que aborden de manera cr\u00edtica las causas, consecuencias y posibles soluciones frente al cambio clim\u00e1tico.<br><\/p>\n\n\n\n<p class=\"wp-block-paragraph\">Las personas participantes podr\u00e1n concursar en dos modalidades: obra de arte, mediante pintura, dibujo, collage, fotograf\u00eda u otra expresi\u00f3n art\u00edstica; y cortometraje, con un video de una duraci\u00f3n m\u00e1xima de un minuto.<br><\/p>\n\n\n\n<p class=\"wp-block-paragraph\">Las propuestas deber\u00e1n ser originales y utilizar la s\u00e1tira como herramienta para provocar reflexi\u00f3n y fortalecer la conciencia ambiental. Entre los temas que podr\u00e1n abordarse se encuentran la contaminaci\u00f3n, deforestaci\u00f3n, p\u00e9rdida de biodiversidad, consumo excesivo, manejo de residuos, escasez de agua y uso de energ\u00edas y combustibles.<br><\/p>\n\n\n\n<p class=\"wp-block-paragraph\">El jurado considerar\u00e1 aspectos como la creatividad y originalidad, el mensaje ambiental, la calidad art\u00edstica o audiovisual, el manejo de la s\u00e1tira, as\u00ed como el impacto y claridad de cada propuesta.<br><\/p>\n\n\n\n<p class=\"wp-block-paragraph\">El registro permanecer\u00e1 abierto hasta el 14 de septiembre y las propuestas deber\u00e1n enviarse al correo establecido en la convocatoria. La premiaci\u00f3n est\u00e1 programada para el 23 de septiembre.<br><\/p>\n\n\n\n<p class=\"wp-block-paragraph\">Como incentivo a la participaci\u00f3n juvenil, el primer lugar recibir\u00e1 una tableta electr\u00f3nica; el segundo, un tel\u00e9fono celular, y el tercero, una c\u00e1mara fotogr\u00e1fica.<\/p>\n","protected":false},"excerpt":{"rendered":"<p>El concurso \u201cEco-Expr\u00e9sate\u201d est\u00e1 dirigido a estudiantes de preparatoria y universidad; habr\u00e1 premios tecnol\u00f3gicos para los tres primeros lugares. El Gobierno del Estado de M\u00e9xico, encabezado por la gobernadora Delfina G\u00f3mez \u00c1lvarez, convoc\u00f3 a estudiantes de Educaci\u00f3n Media Superior y Superior a participar en \u201cEco-Expr\u00e9sate\u201d, concurso de s\u00e1tira ambiental que busca generar conciencia sobre el [&hellip;]<\/p>\n","protected":false},"author":1,"featured_media":112533,"comment_status":"closed","ping_status":"closed","sticky":false,"template":"","format":"standard","meta":{"footnotes":""},"categories":[36],"tags":[],"class_list":["post-112528","post","type-post","status-publish","format-standard","has-post-thumbnail","hentry","category-edomex"],"_links":{"self":[{"href":"https:\/\/elinformante.mx\/index.php?rest_route=\/wp\/v2\/posts\/112528","targetHints":{"allow":["GET"]}}],"collection":[{"href":"https:\/\/elinformante.mx\/index.php?rest_route=\/wp\/v2\/posts"}],"about":[{"href":"https:\/\/elinformante.mx\/index.php?rest_route=\/wp\/v2\/types\/post"}],"author":[{"embeddable":true,"href":"https:\/\/elinformante.mx\/index.php?rest_route=\/wp\/v2\/users\/1"}],"replies":[{"embeddable":true,"href":"https:\/\/elinformante.mx\/index.php?rest_route=%2Fwp%2Fv2%2Fcomments&post=112528"}],"version-history":[{"count":112534,"href":"https:\/\/elinformante.mx\/index.php?rest_route=\/wp\/v2\/posts\/112528\/revisions"}],"predecessor-version":[{"id":112534,"href":"https:\/\/elinformante.mx\/index.php?rest_route=\/wp\/v2\/posts\/112528\/revisions\/112534"}],"wp:featuredmedia":[{"embeddable":true,"href":"https:\/\/elinformante.mx\/index.php?rest_route=\/wp\/v2\/media\/112533"}],"wp:attachment":[{"href":"https:\/\/elinformante.mx\/index.php?rest_route=%2Fwp%2Fv2%2Fmedia&parent=112528"}],"wp:term":[{"taxonomy":"category","embeddable":true,"href":"https:\/\/elinformante.mx\/index.php?rest_route=%2Fwp%2Fv2%2Fcategories&post=112528"},{"taxonomy":"post_tag","embeddable":true,"href":"https:\/\/elinformante.mx\/index.php?rest_route=%2Fwp%2Fv2%2Ftags&post=112528"}],"curies":[{"name":"wp","href":"https:\/\/api.w.org\/{rel}","templated":true}]}}