{"id":112532,"date":"2026-09-03T06:17:19","date_gmt":"2026-09-03T12:17:19","guid":{"rendered":"https:\/\/elinformante.mx\/?p=112532"},"modified":"2026-09-03T06:17:34","modified_gmt":"2026-09-03T12:17:34","slug":"se-entregan-en-edomex-3800-basificaciones-y-nombramientos-a-maestros","status":"publish","type":"post","link":"https:\/\/elinformante.mx\/?p=112532","title":{"rendered":"Se entregan en Edom\u00e9x 3800 basificaciones y nombramientos a maestros"},"content":{"rendered":"\n<figure class=\"wp-block-pullquote\"><blockquote><p>Estas acciones representan estabilidad y tranquilidad para maestras, maestros y sus familias, y refrend\u00f3 el compromiso con la educaci\u00f3n mexiquense.<\/p><\/blockquote><\/figure>\n\n\n\n<p class=\"has-drop-cap wp-block-paragraph\">Como parte de las acciones para reconocer la labor del magisterio y fortalecer la educaci\u00f3n p\u00fablica, la gobernadora Delfina G\u00f3mez \u00c1lvarez entreg\u00f3 3 mil 874 basificaciones y nombramientos a docentes de los subsistemas educativo estatal y federalizado, brind\u00e1ndoles mayor certeza y estabilidad laboral.<br><\/p>\n\n\n\n<p class=\"wp-block-paragraph\">Del total de asignaciones, mil 134 corresponden al subsistema estatal, 2 mil 540 al federalizado y 200 son nombramientos de USICAMM. Estas acciones tambi\u00e9n atienden planteamientos realizados por el Sindicato de Maestros al Servicio del Estado de M\u00e9xico (SMSEM) y las secciones 17 y 36 del Sindicato Nacional de Trabajadores de la Educaci\u00f3n (SNTE).<br><\/p>\n\n\n\n<p class=\"wp-block-paragraph\">La gobernadora Delfina G\u00f3mez reconoci\u00f3 a las maestras y los maestros como protagonistas de la transformaci\u00f3n educativa, al destacar su compromiso cotidiano con la formaci\u00f3n de las nuevas generaciones y la transmisi\u00f3n de conocimientos y valores.<br><\/p>\n\n\n\n<p class=\"wp-block-paragraph\">\u201cLas basificaciones y nombramientos significan certeza, significan estabilidad y continuidad laboral, pero sobre todo representan tranquilidad para ustedes y para sus queridas familias\u201d, se\u00f1al\u00f3 la mandataria estatal.<br><\/p>\n\n\n\n<p class=\"wp-block-paragraph\">Asimismo, subray\u00f3 que la transformaci\u00f3n del Estado de M\u00e9xico comienza desde las aulas y que el trabajo del magisterio es fundamental para consolidar una educaci\u00f3n inclusiva, intercultural, colaborativa y humanista, acorde con los principios de la Nueva Escuela Mexicana.<br><\/p>\n\n\n\n<p class=\"wp-block-paragraph\">En este marco, destac\u00f3 que el Gobierno del Estado de M\u00e9xico y el Gobierno de la presidenta Claudia Sheinbaum Pardo han destinado m\u00e1s de 12 mil 313 millones de pesos para fortalecer la educaci\u00f3n mexiquense, mediante becas y est\u00edmulos, \u00fatiles, mobiliario y material did\u00e1ctico, apoyos a comit\u00e9s escolares, infraestructura y equipamiento, as\u00ed como sistemas de captaci\u00f3n de agua pluvial y escuelas de nueva creaci\u00f3n.<br><\/p>\n\n\n\n<p class=\"wp-block-paragraph\">Con esta nueva entrega, suman m\u00e1s de 9 mil 200 basificaciones otorgadas durante la actual administraci\u00f3n estatal a docentes de los subsistemas estatal y federalizado, como parte del reconocimiento a su labor y del compromiso de fortalecer las condiciones de quienes diariamente trabajan en las aulas.<br><\/p>\n\n\n\n<p class=\"wp-block-paragraph\">Por su parte, Miguel \u00c1ngel Hern\u00e1ndez Espejel, Secretario de Educaci\u00f3n, Ciencia, Tecnolog\u00eda e Innovaci\u00f3n, reconoci\u00f3 el desempe\u00f1o y compromiso de las y los trabajadores de la educaci\u00f3n, al se\u00f1alar que estas bases y nombramientos representan un reconocimiento a los a\u00f1os de servicio y dedicaci\u00f3n frente a las aulas.<br><\/p>\n\n\n\n<p class=\"wp-block-paragraph\">Al evento asistieron representantes del SNTE y del SMSEM, integrantes del Gabinete estatal, legisladoras y legisladores locales y federales, presidentas y presidentes municipales, as\u00ed como maestras y maestros beneficiados.<\/p>\n","protected":false},"excerpt":{"rendered":"<p>Estas acciones representan estabilidad y tranquilidad para maestras, maestros y sus familias, y refrend\u00f3 el compromiso con la educaci\u00f3n mexiquense. Como parte de las acciones para reconocer la labor del magisterio y fortalecer la educaci\u00f3n p\u00fablica, la gobernadora Delfina G\u00f3mez \u00c1lvarez entreg\u00f3 3 mil 874 basificaciones y nombramientos a docentes de los subsistemas educativo estatal [&hellip;]<\/p>\n","protected":false},"author":1,"featured_media":112536,"comment_status":"closed","ping_status":"closed","sticky":false,"template":"","format":"standard","meta":{"footnotes":""},"categories":[30,36],"tags":[],"class_list":["post-112532","post","type-post","status-publish","format-standard","has-post-thumbnail","hentry","category-destacado","category-edomex"],"_links":{"self":[{"href":"https:\/\/elinformante.mx\/index.php?rest_route=\/wp\/v2\/posts\/112532","targetHints":{"allow":["GET"]}}],"collection":[{"href":"https:\/\/elinformante.mx\/index.php?rest_route=\/wp\/v2\/posts"}],"about":[{"href":"https:\/\/elinformante.mx\/index.php?rest_route=\/wp\/v2\/types\/post"}],"author":[{"embeddable":true,"href":"https:\/\/elinformante.mx\/index.php?rest_route=\/wp\/v2\/users\/1"}],"replies":[{"embeddable":true,"href":"https:\/\/elinformante.mx\/index.php?rest_route=%2Fwp%2Fv2%2Fcomments&post=112532"}],"version-history":[{"count":112537,"href":"https:\/\/elinformante.mx\/index.php?rest_route=\/wp\/v2\/posts\/112532\/revisions"}],"predecessor-version":[{"id":112537,"href":"https:\/\/elinformante.mx\/index.php?rest_route=\/wp\/v2\/posts\/112532\/revisions\/112537"}],"wp:featuredmedia":[{"embeddable":true,"href":"https:\/\/elinformante.mx\/index.php?rest_route=\/wp\/v2\/media\/112536"}],"wp:attachment":[{"href":"https:\/\/elinformante.mx\/index.php?rest_route=%2Fwp%2Fv2%2Fmedia&parent=112532"}],"wp:term":[{"taxonomy":"category","embeddable":true,"href":"https:\/\/elinformante.mx\/index.php?rest_route=%2Fwp%2Fv2%2Fcategories&post=112532"},{"taxonomy":"post_tag","embeddable":true,"href":"https:\/\/elinformante.mx\/index.php?rest_route=%2Fwp%2Fv2%2Ftags&post=112532"}],"curies":[{"name":"wp","href":"https:\/\/api.w.org\/{rel}","templated":true}]}}