{"id":112535,"date":"2026-09-03T06:20:43","date_gmt":"2026-09-03T12:20:43","guid":{"rendered":"https:\/\/elinformante.mx\/?p=112535"},"modified":"2026-09-03T06:20:50","modified_gmt":"2026-09-03T12:20:50","slug":"toluca-zihuatanejo-proyecto-estrategico-para-conectar-al-edomex-con-michoacan-y-guerrero","status":"publish","type":"post","link":"https:\/\/elinformante.mx\/?p=112535","title":{"rendered":"Toluca-Zihuatanejo: proyecto estrat\u00e9gico para conectar al Edom\u00e9x con Michoac\u00e1n y Guerrero"},"content":{"rendered":"\n<figure class=\"wp-block-pullquote\"><blockquote><p>La modernizaci\u00f3n contempla intervenir 372 kil\u00f3metros, incluido el tramo Toluca-Temascaltepec, de 38 kil\u00f3metros, para mejorar la movilidad y fortalecer el desarrollo regional.<\/p><\/blockquote><\/figure>\n\n\n\n<p class=\"has-drop-cap wp-block-paragraph\">La modernizaci\u00f3n de la carretera Toluca-Zihuatanejo avanza como uno de los proyectos estrat\u00e9gicos del Gobierno de M\u00e9xico para fortalecer la conectividad entre el Estado de M\u00e9xico, Michoac\u00e1n y Guerrero, reducir tiempos de traslado e impulsar el desarrollo econ\u00f3mico de las comunidades del sur mexiquense.<br><\/p>\n\n\n\n<p class=\"wp-block-paragraph\">Durante su Segundo Informe de Gobierno, la Presidenta Claudia Sheinbaum Pardo destac\u00f3 esta obra como parte del programa federal de ampliaci\u00f3n y modernizaci\u00f3n de la red carretera nacional, que contempla una inversi\u00f3n de 700 mil millones de pesos para intervenir 5 mil kil\u00f3metros de v\u00edas.<br><\/p>\n\n\n\n<p class=\"wp-block-paragraph\">El proyecto Toluca-Zihuatanejo contempla la intervenci\u00f3n de 372 kil\u00f3metros y representa una conexi\u00f3n estrat\u00e9gica entre el centro del pa\u00eds y la costa del Pac\u00edfico, al facilitar el traslado de personas y mercanc\u00edas entre las tres entidades.<br><\/p>\n\n\n\n<p class=\"wp-block-paragraph\">En territorio mexiquense, la obra considera el tramo Toluca-Temascaltepec, de 38 kil\u00f3metros, con el objetivo de mejorar la comunicaci\u00f3n entre el Valle de Toluca y los municipios de la regi\u00f3n sur, adem\u00e1s de fortalecer la conexi\u00f3n con Michoac\u00e1n y Guerrero.<br><\/p>\n\n\n\n<p class=\"wp-block-paragraph\">La modernizaci\u00f3n de esta v\u00eda tambi\u00e9n busca generar mejores condiciones para las actividades productivas y comerciales de las comunidades ubicadas a lo largo del corredor carretero, al contar con infraestructura que facilite los desplazamientos y acerque servicios y oportunidades.<br><\/p>\n\n\n\n<p class=\"wp-block-paragraph\">El proyecto forma parte de los principales ejes carreteros impulsados por la administraci\u00f3n federal para ampliar y mejorar la infraestructura de comunicaciones del pa\u00eds. En el Estado de M\u00e9xico cuenta con el respaldo de la Gobernadora Delfina G\u00f3mez \u00c1lvarez, como parte de las acciones coordinadas con el Gobierno de M\u00e9xico para fortalecer la infraestructura estatal.<br><\/p>\n\n\n\n<p class=\"wp-block-paragraph\">La carretera Toluca-Zihuatanejo es considerada una v\u00eda relevante para la integraci\u00f3n regional, al establecer una conexi\u00f3n m\u00e1s eficiente entre el centro del pa\u00eds y la zona del Pac\u00edfico.<\/p>\n","protected":false},"excerpt":{"rendered":"<p>La modernizaci\u00f3n contempla intervenir 372 kil\u00f3metros, incluido el tramo Toluca-Temascaltepec, de 38 kil\u00f3metros, para mejorar la movilidad y fortalecer el desarrollo regional. La modernizaci\u00f3n de la carretera Toluca-Zihuatanejo avanza como uno de los proyectos estrat\u00e9gicos del Gobierno de M\u00e9xico para fortalecer la conectividad entre el Estado de M\u00e9xico, Michoac\u00e1n y Guerrero, reducir tiempos de traslado [&hellip;]<\/p>\n","protected":false},"author":1,"featured_media":112539,"comment_status":"closed","ping_status":"closed","sticky":false,"template":"","format":"standard","meta":{"footnotes":""},"categories":[30,36,31],"tags":[],"class_list":["post-112535","post","type-post","status-publish","format-standard","has-post-thumbnail","hentry","category-destacado","category-edomex","category-portada"],"_links":{"self":[{"href":"https:\/\/elinformante.mx\/index.php?rest_route=\/wp\/v2\/posts\/112535","targetHints":{"allow":["GET"]}}],"collection":[{"href":"https:\/\/elinformante.mx\/index.php?rest_route=\/wp\/v2\/posts"}],"about":[{"href":"https:\/\/elinformante.mx\/index.php?rest_route=\/wp\/v2\/types\/post"}],"author":[{"embeddable":true,"href":"https:\/\/elinformante.mx\/index.php?rest_route=\/wp\/v2\/users\/1"}],"replies":[{"embeddable":true,"href":"https:\/\/elinformante.mx\/index.php?rest_route=%2Fwp%2Fv2%2Fcomments&post=112535"}],"version-history":[{"count":112540,"href":"https:\/\/elinformante.mx\/index.php?rest_route=\/wp\/v2\/posts\/112535\/revisions"}],"predecessor-version":[{"id":112540,"href":"https:\/\/elinformante.mx\/index.php?rest_route=\/wp\/v2\/posts\/112535\/revisions\/112540"}],"wp:featuredmedia":[{"embeddable":true,"href":"https:\/\/elinformante.mx\/index.php?rest_route=\/wp\/v2\/media\/112539"}],"wp:attachment":[{"href":"https:\/\/elinformante.mx\/index.php?rest_route=%2Fwp%2Fv2%2Fmedia&parent=112535"}],"wp:term":[{"taxonomy":"category","embeddable":true,"href":"https:\/\/elinformante.mx\/index.php?rest_route=%2Fwp%2Fv2%2Fcategories&post=112535"},{"taxonomy":"post_tag","embeddable":true,"href":"https:\/\/elinformante.mx\/index.php?rest_route=%2Fwp%2Fv2%2Ftags&post=112535"}],"curies":[{"name":"wp","href":"https:\/\/api.w.org\/{rel}","templated":true}]}}