{"id":112555,"date":"2026-09-03T06:37:50","date_gmt":"2026-09-03T12:37:50","guid":{"rendered":"https:\/\/elinformante.mx\/?p=112555"},"modified":"2026-09-03T06:37:52","modified_gmt":"2026-09-03T12:37:52","slug":"jalisco-garantiza-transporte-gratuito-para-ninas-y-ninos-durante-todo-el-ano","status":"publish","type":"post","link":"https:\/\/elinformante.mx\/?p=112555","title":{"rendered":"Jalisco garantiza transporte gratuito para ni\u00f1as y ni\u00f1os durante todo el a\u00f1o"},"content":{"rendered":"\n<figure class=\"wp-block-pullquote\"><blockquote><p>La medida beneficiar\u00e1 a cerca de 75 mil menores de entre 5 y 12 a\u00f1os y busca reducir el gasto familiar y favorecer la permanencia escolar.<\/p><\/blockquote><\/figure>\n\n\n\n<p class=\"has-drop-cap wp-block-paragraph\">El gobernador de Jalisco, Pablo Lemus Navarro, anunci\u00f3 la puesta en marcha de la gratuidad del transporte p\u00fablico para ni\u00f1as y ni\u00f1os de entre 5 y 12 a\u00f1os de edad, una pol\u00edtica social que convierte a la entidad en la primera del pa\u00eds en garantizar pasajes sin costo para este sector durante los 365 d\u00edas del a\u00f1o.<br><\/p>\n\n\n\n<p class=\"wp-block-paragraph\">De acuerdo con estimaciones del Gobierno de Jalisco, la medida beneficiar\u00e1 a cerca de 75 mil menores, quienes realizan en promedio dos viajes diarios. Actualmente, el sistema estatal registra alrededor de 3.1 millones de pasajes cada d\u00eda, de los cuales aproximadamente 62 mil corresponden a ni\u00f1as y ni\u00f1os.<br><\/p>\n\n\n\n<figure class=\"wp-block-image size-large\"><img fetchpriority=\"high\" decoding=\"async\" width=\"1024\" height=\"506\" src=\"https:\/\/elinformante.mx\/wp-content\/uploads\/2026\/09\/4jalisco-1024x506.jpg\" alt=\"\" class=\"wp-image-112561\" srcset=\"https:\/\/elinformante.mx\/wp-content\/uploads\/2026\/09\/4jalisco-1024x506.jpg 1024w, https:\/\/elinformante.mx\/wp-content\/uploads\/2026\/09\/4jalisco-767x379.jpg 767w, https:\/\/elinformante.mx\/wp-content\/uploads\/2026\/09\/4jalisco-300x148.jpg 300w, https:\/\/elinformante.mx\/wp-content\/uploads\/2026\/09\/4jalisco.jpg 1140w\" sizes=\"(max-width: 1024px) 100vw, 1024px\" \/><\/figure>\n\n\n\n<p class=\"wp-block-paragraph\">La estrategia busca disminuir el impacto que representa el gasto de transporte para las familias y contribuir a evitar que las limitaciones econ\u00f3micas relacionadas con los traslados se conviertan en un obst\u00e1culo para la asistencia y permanencia escolar.<br><\/p>\n\n\n\n<p class=\"wp-block-paragraph\">Adem\u00e1s de facilitar el desplazamiento hacia los planteles educativos, la gratuidad permitir\u00e1 que las ni\u00f1as y ni\u00f1os tengan mayores posibilidades de trasladarse a servicios de salud, actividades culturales y espacios de recreaci\u00f3n, ampliando as\u00ed el acceso a distintos derechos y servicios.<br><\/p>\n\n\n\n<p class=\"wp-block-paragraph\">La iniciativa forma parte del eje gubernamental \u201cMenos desigualdad, m\u00e1s comunidad\u201d, mediante el cual se plantea reducir las condiciones de vulnerabilidad asociadas a los ingresos y ampliar derechos sociales a trav\u00e9s de infraestructura y servicios p\u00fablicos m\u00e1s incluyentes.<\/p>\n","protected":false},"excerpt":{"rendered":"<p>La medida beneficiar\u00e1 a cerca de 75 mil menores de entre 5 y 12 a\u00f1os y busca reducir el gasto familiar y favorecer la permanencia escolar. El gobernador de Jalisco, Pablo Lemus Navarro, anunci\u00f3 la puesta en marcha de la gratuidad del transporte p\u00fablico para ni\u00f1as y ni\u00f1os de entre 5 y 12 a\u00f1os de [&hellip;]<\/p>\n","protected":false},"author":1,"featured_media":112560,"comment_status":"closed","ping_status":"closed","sticky":false,"template":"","format":"standard","meta":{"footnotes":""},"categories":[34],"tags":[],"class_list":["post-112555","post","type-post","status-publish","format-standard","has-post-thumbnail","hentry","category-nacional"],"_links":{"self":[{"href":"https:\/\/elinformante.mx\/index.php?rest_route=\/wp\/v2\/posts\/112555","targetHints":{"allow":["GET"]}}],"collection":[{"href":"https:\/\/elinformante.mx\/index.php?rest_route=\/wp\/v2\/posts"}],"about":[{"href":"https:\/\/elinformante.mx\/index.php?rest_route=\/wp\/v2\/types\/post"}],"author":[{"embeddable":true,"href":"https:\/\/elinformante.mx\/index.php?rest_route=\/wp\/v2\/users\/1"}],"replies":[{"embeddable":true,"href":"https:\/\/elinformante.mx\/index.php?rest_route=%2Fwp%2Fv2%2Fcomments&post=112555"}],"version-history":[{"count":112562,"href":"https:\/\/elinformante.mx\/index.php?rest_route=\/wp\/v2\/posts\/112555\/revisions"}],"predecessor-version":[{"id":112562,"href":"https:\/\/elinformante.mx\/index.php?rest_route=\/wp\/v2\/posts\/112555\/revisions\/112562"}],"wp:featuredmedia":[{"embeddable":true,"href":"https:\/\/elinformante.mx\/index.php?rest_route=\/wp\/v2\/media\/112560"}],"wp:attachment":[{"href":"https:\/\/elinformante.mx\/index.php?rest_route=%2Fwp%2Fv2%2Fmedia&parent=112555"}],"wp:term":[{"taxonomy":"category","embeddable":true,"href":"https:\/\/elinformante.mx\/index.php?rest_route=%2Fwp%2Fv2%2Fcategories&post=112555"},{"taxonomy":"post_tag","embeddable":true,"href":"https:\/\/elinformante.mx\/index.php?rest_route=%2Fwp%2Fv2%2Ftags&post=112555"}],"curies":[{"name":"wp","href":"https:\/\/api.w.org\/{rel}","templated":true}]}}