{"id":112576,"date":"2026-09-03T06:51:33","date_gmt":"2026-09-03T12:51:33","guid":{"rendered":"https:\/\/elinformante.mx\/?p=112576"},"modified":"2026-09-03T06:51:39","modified_gmt":"2026-09-03T12:51:39","slug":"sheinbaum-descarta-division-en-la-4t-destaca-respeto-de-amlo-a-su-gobierno","status":"publish","type":"post","link":"https:\/\/elinformante.mx\/?p=112576","title":{"rendered":"SHEINBAUM DESCARTA DIVISI\u00d3N EN LA 4T; DESTACA RESPETO DE AMLO A SU GOBIERNO"},"content":{"rendered":"\n<figure class=\"wp-block-pullquote\"><blockquote><p>Asegur\u00f3 que L\u00f3pez Obrador no interviene en las decisiones de su administraci\u00f3n y calific\u00f3 como \u201cabsurdo\u201d hablar de una pugna entre \u201cobradoristas\u201d y \u201cclaudistas\u201d.<\/p><\/blockquote><\/figure>\n\n\n\n<p class=\"has-drop-cap wp-block-paragraph\">La presidenta Claudia Sheinbaum Pardo rechaz\u00f3 que exista una divisi\u00f3n al interior de la Cuarta Transformaci\u00f3n y asegur\u00f3 que el expresidente Andr\u00e9s Manuel L\u00f3pez Obrador ha sido \u201csumamente respetuoso\u201d con las decisiones de su gobierno.<br><\/p>\n\n\n\n<p class=\"wp-block-paragraph\">Durante la conferencia matutina de este mi\u00e9rcoles 2 de septiembre, la mandataria se\u00f1al\u00f3 que L\u00f3pez Obrador no le ha enviado mensajes ni realizado llamadas para indicarle qu\u00e9 decisiones tomar o cuestionar las acciones de su administraci\u00f3n.<br><\/p>\n\n\n\n<figure class=\"wp-block-image size-large\"><img fetchpriority=\"high\" decoding=\"async\" width=\"1024\" height=\"506\" src=\"https:\/\/elinformante.mx\/wp-content\/uploads\/2026\/09\/9claudia-2-1024x506.jpg\" alt=\"\" class=\"wp-image-112581\" srcset=\"https:\/\/elinformante.mx\/wp-content\/uploads\/2026\/09\/9claudia-2-1024x506.jpg 1024w, https:\/\/elinformante.mx\/wp-content\/uploads\/2026\/09\/9claudia-2-300x148.jpg 300w, https:\/\/elinformante.mx\/wp-content\/uploads\/2026\/09\/9claudia-2-767x379.jpg 767w, https:\/\/elinformante.mx\/wp-content\/uploads\/2026\/09\/9claudia-2.jpg 1140w\" sizes=\"(max-width: 1024px) 100vw, 1024px\" \/><\/figure>\n\n\n\n<p class=\"wp-block-paragraph\">Sheinbaum consider\u00f3 \u201cabsolutamente absurdo\u201d el planteamiento difundido en redes sociales sobre una supuesta confrontaci\u00f3n entre grupos \u201cobradoristas\u201d y \u201cclaudistas\u201d, y sostuvo que la idea de que el expresidente contin\u00faa gobernando detr\u00e1s de ella responde, incluso, a una visi\u00f3n \u201cmuy machista\u201d que cuestiona la capacidad de las mujeres para ejercer el poder.<br><\/p>\n\n\n\n<p class=\"wp-block-paragraph\">La presidenta explic\u00f3 que L\u00f3pez Obrador se encuentra retirado de la vida p\u00fablica y actualmente trabaja en su segundo libro, adem\u00e1s de dedicarse a la reflexi\u00f3n y al pensamiento.<br><\/p>\n\n\n\n<p class=\"wp-block-paragraph\">Asimismo, rechaz\u00f3 que las recientes diferencias relacionadas con el gobernador de Sinaloa, Rub\u00e9n Rocha Moya, representen una pugna interna dentro de Morena o de la Cuarta Transformaci\u00f3n. Afirm\u00f3 que sus opositores buscan instalar la percepci\u00f3n de una divisi\u00f3n para debilitar al movimiento, pero asegur\u00f3 que \u201cvan a fracasar\u201d.<br><\/p>\n\n\n\n<figure class=\"wp-block-image size-large\"><img decoding=\"async\" width=\"1024\" height=\"506\" src=\"https:\/\/elinformante.mx\/wp-content\/uploads\/2026\/09\/9claudia-3-1-1024x506.jpg\" alt=\"\" class=\"wp-image-112580\" srcset=\"https:\/\/elinformante.mx\/wp-content\/uploads\/2026\/09\/9claudia-3-1-1024x506.jpg 1024w, https:\/\/elinformante.mx\/wp-content\/uploads\/2026\/09\/9claudia-3-1-300x148.jpg 300w, https:\/\/elinformante.mx\/wp-content\/uploads\/2026\/09\/9claudia-3-1-767x379.jpg 767w, https:\/\/elinformante.mx\/wp-content\/uploads\/2026\/09\/9claudia-3-1.jpg 1140w\" sizes=\"(max-width: 1024px) 100vw, 1024px\" \/><\/figure>\n\n\n\n<p class=\"wp-block-paragraph\">Sheinbaum tambi\u00e9n destac\u00f3 que la definici\u00f3n de candidaturas de Morena corresponde a la ciudadan\u00eda mediante encuestas, por lo que, dijo, ni la presidenta ni anteriormente L\u00f3pez Obrador intervienen directamente en la selecci\u00f3n de candidatos.<br><\/p>\n\n\n\n<p class=\"wp-block-paragraph\">Finalmente, atribuy\u00f3 los niveles de respaldo ciudadano al gobierno federal a la continuidad de los principios de la Cuarta Transformaci\u00f3n, entre ellos no robar, no mentir y no traicionar al pueblo de M\u00e9xico, adem\u00e1s de mantener los compromisos asumidos durante la campa\u00f1a.<\/p>\n","protected":false},"excerpt":{"rendered":"<p>Asegur\u00f3 que L\u00f3pez Obrador no interviene en las decisiones de su administraci\u00f3n y calific\u00f3 como \u201cabsurdo\u201d hablar de una pugna entre \u201cobradoristas\u201d y \u201cclaudistas\u201d. La presidenta Claudia Sheinbaum Pardo rechaz\u00f3 que exista una divisi\u00f3n al interior de la Cuarta Transformaci\u00f3n y asegur\u00f3 que el expresidente Andr\u00e9s Manuel L\u00f3pez Obrador ha sido \u201csumamente respetuoso\u201d con las [&hellip;]<\/p>\n","protected":false},"author":1,"featured_media":112579,"comment_status":"closed","ping_status":"closed","sticky":false,"template":"","format":"standard","meta":{"footnotes":""},"categories":[30,34,31],"tags":[47],"class_list":["post-112576","post","type-post","status-publish","format-standard","has-post-thumbnail","hentry","category-destacado","category-nacional","category-portada","tag-portadanacional"],"_links":{"self":[{"href":"https:\/\/elinformante.mx\/index.php?rest_route=\/wp\/v2\/posts\/112576","targetHints":{"allow":["GET"]}}],"collection":[{"href":"https:\/\/elinformante.mx\/index.php?rest_route=\/wp\/v2\/posts"}],"about":[{"href":"https:\/\/elinformante.mx\/index.php?rest_route=\/wp\/v2\/types\/post"}],"author":[{"embeddable":true,"href":"https:\/\/elinformante.mx\/index.php?rest_route=\/wp\/v2\/users\/1"}],"replies":[{"embeddable":true,"href":"https:\/\/elinformante.mx\/index.php?rest_route=%2Fwp%2Fv2%2Fcomments&post=112576"}],"version-history":[{"count":0,"href":"https:\/\/elinformante.mx\/index.php?rest_route=\/wp\/v2\/posts\/112576\/revisions"}],"wp:featuredmedia":[{"embeddable":true,"href":"https:\/\/elinformante.mx\/index.php?rest_route=\/wp\/v2\/media\/112579"}],"wp:attachment":[{"href":"https:\/\/elinformante.mx\/index.php?rest_route=%2Fwp%2Fv2%2Fmedia&parent=112576"}],"wp:term":[{"taxonomy":"category","embeddable":true,"href":"https:\/\/elinformante.mx\/index.php?rest_route=%2Fwp%2Fv2%2Fcategories&post=112576"},{"taxonomy":"post_tag","embeddable":true,"href":"https:\/\/elinformante.mx\/index.php?rest_route=%2Fwp%2Fv2%2Ftags&post=112576"}],"curies":[{"name":"wp","href":"https:\/\/api.w.org\/{rel}","templated":true}]}}