{"id":112584,"date":"2026-09-03T11:12:51","date_gmt":"2026-09-03T17:12:51","guid":{"rendered":"https:\/\/elinformante.mx\/?p=112584"},"modified":"2026-09-03T11:19:55","modified_gmt":"2026-09-03T17:19:55","slug":"alejandro-moreno-responde-a-movimiento-ciudadano-y-lo-acusa-de-dividir-el-voto-opositor-rumbo-a-2027","status":"publish","type":"post","link":"https:\/\/elinformante.mx\/?p=112584","title":{"rendered":"Alejandro Moreno responde a Movimiento Ciudadano y lo acusa de dividir el voto opositor rumbo a 2027"},"content":{"rendered":"\n<p class=\"wp-block-paragraph\">El dirigente nacional del PRI, Alejandro \u201cAlito\u201d Moreno, respondi\u00f3 a Movimiento Ciudadano despu\u00e9s de que integrantes del partido rechazaran la posibilidad de construir una alianza opositora rumbo a las elecciones de 2027.<\/p>\n\n\n\n<p class=\"wp-block-paragraph\">La confrontaci\u00f3n surgi\u00f3 despu\u00e9s de las cr\u00edticas del senador Clemente Casta\u00f1eda hacia el dirigente priista. En respuesta, Moreno utiliz\u00f3 la expresi\u00f3n \u201clos borrachos son ellos\u201d y aument\u00f3 el tono de las diferencias p\u00fablicas entre ambas fuerzas pol\u00edticas.<\/p>\n\n\n\n<p class=\"wp-block-paragraph\">Alejandro Moreno acus\u00f3 a Movimiento Ciudadano de buscar dividir el voto de la oposici\u00f3n y sostuvo que esta estrategia terminar\u00eda beneficiando electoralmente a Morena. El priista ha insistido en la necesidad de construir un frente amplio para competir en los pr\u00f3ximos comicios.<\/p>\n\n\n\n<p class=\"wp-block-paragraph\">El dirigente del PRI ha planteado como uno de sus principales objetivos que las fuerzas opositoras compitan conjuntamente para intentar disputar a Morena la mayor\u00eda en el Congreso de la Uni\u00f3n durante las elecciones intermedias de 2027.<\/p>\n\n\n\n<p class=\"wp-block-paragraph\">Las declaraciones muestran las diferencias que existen entre PRI y Movimiento Ciudadano sobre la estrategia electoral que deber\u00e1 seguir la oposici\u00f3n. Mientras Alito Moreno promueve una alianza amplia, dirigentes de MC han expresado su rechazo a sumarse a un bloque encabezado por los partidos tradicionales.<\/p>\n\n\n\n<p class=\"wp-block-paragraph\"><\/p>\n","protected":false},"excerpt":{"rendered":"<p>El dirigente nacional del PRI, Alejandro \u201cAlito\u201d Moreno, respondi\u00f3 a Movimiento Ciudadano despu\u00e9s de que integrantes del partido rechazaran la posibilidad de construir una alianza opositora rumbo a las elecciones de 2027. La confrontaci\u00f3n surgi\u00f3 despu\u00e9s de las cr\u00edticas del senador Clemente Casta\u00f1eda hacia el dirigente priista. En respuesta, Moreno utiliz\u00f3 la expresi\u00f3n \u201clos borrachos [&hellip;]<\/p>\n","protected":false},"author":2,"featured_media":112585,"comment_status":"closed","ping_status":"closed","sticky":false,"template":"","format":"standard","meta":{"footnotes":""},"categories":[34],"tags":[72,2367,73,2365,2209,2350,246,2303,75,2366,2302,2230,2196],"class_list":["post-112584","post","type-post","status-publish","format-standard","has-post-thumbnail","hentry","category-nacional","tag-alejandro-moreno","tag-alianza-opositora","tag-alito-moreno","tag-clemente-castaneda","tag-congreso-de-la-union","tag-elecciones-2027","tag-elecciones-mexico","tag-frente-opositor","tag-morena","tag-movimiento-ciudadano","tag-oposicion","tag-partidos-politicos","tag-politica-nacional"],"_links":{"self":[{"href":"https:\/\/elinformante.mx\/index.php?rest_route=\/wp\/v2\/posts\/112584","targetHints":{"allow":["GET"]}}],"collection":[{"href":"https:\/\/elinformante.mx\/index.php?rest_route=\/wp\/v2\/posts"}],"about":[{"href":"https:\/\/elinformante.mx\/index.php?rest_route=\/wp\/v2\/types\/post"}],"author":[{"embeddable":true,"href":"https:\/\/elinformante.mx\/index.php?rest_route=\/wp\/v2\/users\/2"}],"replies":[{"embeddable":true,"href":"https:\/\/elinformante.mx\/index.php?rest_route=%2Fwp%2Fv2%2Fcomments&post=112584"}],"version-history":[{"count":112588,"href":"https:\/\/elinformante.mx\/index.php?rest_route=\/wp\/v2\/posts\/112584\/revisions"}],"predecessor-version":[{"id":112588,"href":"https:\/\/elinformante.mx\/index.php?rest_route=\/wp\/v2\/posts\/112584\/revisions\/112588"}],"wp:featuredmedia":[{"embeddable":true,"href":"https:\/\/elinformante.mx\/index.php?rest_route=\/wp\/v2\/media\/112585"}],"wp:attachment":[{"href":"https:\/\/elinformante.mx\/index.php?rest_route=%2Fwp%2Fv2%2Fmedia&parent=112584"}],"wp:term":[{"taxonomy":"category","embeddable":true,"href":"https:\/\/elinformante.mx\/index.php?rest_route=%2Fwp%2Fv2%2Fcategories&post=112584"},{"taxonomy":"post_tag","embeddable":true,"href":"https:\/\/elinformante.mx\/index.php?rest_route=%2Fwp%2Fv2%2Ftags&post=112584"}],"curies":[{"name":"wp","href":"https:\/\/api.w.org\/{rel}","templated":true}]}}