{"id":112589,"date":"2026-09-03T11:33:08","date_gmt":"2026-09-03T17:33:08","guid":{"rendered":"https:\/\/elinformante.mx\/?p=112589"},"modified":"2026-09-03T11:33:11","modified_gmt":"2026-09-03T17:33:11","slug":"jorge-alvarez-maynez-ve-en-grecia-quiroz-una-expectativa-de-cambio-en-michoacan","status":"publish","type":"post","link":"https:\/\/elinformante.mx\/?p=112589","title":{"rendered":"Jorge \u00c1lvarez M\u00e1ynez ve en Grecia Quiroz una expectativa de cambio en Michoac\u00e1n"},"content":{"rendered":"\n<p class=\"wp-block-paragraph\">El dirigente nacional de Movimiento Ciudadano, Jorge \u00c1lvarez M\u00e1ynez, asegur\u00f3 que sectores de la clase pol\u00edtica de Michoac\u00e1n tendr\u00edan temor de enfrentar electoralmente a Grecia Quiroz, presidenta municipal de Uruapan, ante el respaldo que, desde su perspectiva, representa su figura.<\/p>\n\n\n\n<p class=\"wp-block-paragraph\">Durante una entrevista con Juan Pablo de Leo, el dirigente de MC cuestion\u00f3 la reforma electoral de Michoac\u00e1n y afirm\u00f3 que los cambios dificultar\u00edan la participaci\u00f3n de candidaturas independientes en futuros procesos electorales.<\/p>\n\n\n\n<p class=\"wp-block-paragraph\">\u201cLe tienen miedo a enfrentarla en las urnas, a enfrentar a lo que significa ese poder simb\u00f3lico de la verdad\u201d, expres\u00f3 \u00c1lvarez M\u00e1ynez al referirse a Quiroz y al escenario pol\u00edtico que podr\u00eda configurarse en la entidad.<\/p>\n\n\n\n<p class=\"wp-block-paragraph\">El dirigente de Movimiento Ciudadano sostuvo adem\u00e1s que Grecia Quiroz representa una expectativa de cambio y esperanza para un sector de la poblaci\u00f3n de Michoac\u00e1n. Sus declaraciones colocan a la alcaldesa de Uruapan dentro de la discusi\u00f3n sobre los perfiles que podr\u00edan adquirir relevancia electoral en el estado.<\/p>\n\n\n\n<p class=\"wp-block-paragraph\">Los se\u00f1alamientos de Jorge \u00c1lvarez M\u00e1ynez sobre las motivaciones detr\u00e1s de la reforma corresponden a su interpretaci\u00f3n pol\u00edtica. El debate sobre las reglas para las candidaturas independientes continuar\u00e1 conforme avance la aplicaci\u00f3n del marco electoral de Michoac\u00e1n.<\/p>\n","protected":false},"excerpt":{"rendered":"<p>El dirigente nacional de Movimiento Ciudadano, Jorge \u00c1lvarez M\u00e1ynez, asegur\u00f3 que sectores de la clase pol\u00edtica de Michoac\u00e1n tendr\u00edan temor de enfrentar electoralmente a Grecia Quiroz, presidenta municipal de Uruapan, ante el respaldo que, desde su perspectiva, representa su figura. Durante una entrevista con Juan Pablo de Leo, el dirigente de MC cuestion\u00f3 la reforma [&hellip;]<\/p>\n","protected":false},"author":2,"featured_media":112590,"comment_status":"closed","ping_status":"closed","sticky":false,"template":"","format":"standard","meta":{"footnotes":""},"categories":[34],"tags":[2372,246,2373,550,2368,2371,392,2366,2370,77,2196,2374,2318,2369],"class_list":["post-112589","post","type-post","status-publish","format-standard","has-post-thumbnail","hentry","category-nacional","tag-candidaturas-independientes","tag-elecciones-mexico","tag-elecciones-michoacan","tag-grecia-quiroz","tag-jorge-alvarez-maynez","tag-mc","tag-michoacan","tag-movimiento-ciudadano","tag-politica-de-michoacan","tag-politica-mexicana","tag-politica-nacional","tag-presidenta-municipal-de-uruapan","tag-reforma-electoral","tag-uruapan"],"_links":{"self":[{"href":"https:\/\/elinformante.mx\/index.php?rest_route=\/wp\/v2\/posts\/112589","targetHints":{"allow":["GET"]}}],"collection":[{"href":"https:\/\/elinformante.mx\/index.php?rest_route=\/wp\/v2\/posts"}],"about":[{"href":"https:\/\/elinformante.mx\/index.php?rest_route=\/wp\/v2\/types\/post"}],"author":[{"embeddable":true,"href":"https:\/\/elinformante.mx\/index.php?rest_route=\/wp\/v2\/users\/2"}],"replies":[{"embeddable":true,"href":"https:\/\/elinformante.mx\/index.php?rest_route=%2Fwp%2Fv2%2Fcomments&post=112589"}],"version-history":[{"count":112591,"href":"https:\/\/elinformante.mx\/index.php?rest_route=\/wp\/v2\/posts\/112589\/revisions"}],"predecessor-version":[{"id":112591,"href":"https:\/\/elinformante.mx\/index.php?rest_route=\/wp\/v2\/posts\/112589\/revisions\/112591"}],"wp:featuredmedia":[{"embeddable":true,"href":"https:\/\/elinformante.mx\/index.php?rest_route=\/wp\/v2\/media\/112590"}],"wp:attachment":[{"href":"https:\/\/elinformante.mx\/index.php?rest_route=%2Fwp%2Fv2%2Fmedia&parent=112589"}],"wp:term":[{"taxonomy":"category","embeddable":true,"href":"https:\/\/elinformante.mx\/index.php?rest_route=%2Fwp%2Fv2%2Fcategories&post=112589"},{"taxonomy":"post_tag","embeddable":true,"href":"https:\/\/elinformante.mx\/index.php?rest_route=%2Fwp%2Fv2%2Ftags&post=112589"}],"curies":[{"name":"wp","href":"https:\/\/api.w.org\/{rel}","templated":true}]}}