{"id":112592,"date":"2026-09-03T11:48:17","date_gmt":"2026-09-03T17:48:17","guid":{"rendered":"https:\/\/elinformante.mx\/?p=112592"},"modified":"2026-09-03T11:48:20","modified_gmt":"2026-09-03T17:48:20","slug":"sheinbaum-habla-de-una-narrativa-inventada-en-medios-de-comunicacion","status":"publish","type":"post","link":"https:\/\/elinformante.mx\/?p=112592","title":{"rendered":"Sheinbaum habla de una narrativa \u201cinventada\u201d en medios de comunicaci\u00f3n"},"content":{"rendered":"\n<p class=\"wp-block-paragraph\">La presidenta Claudia Sheinbaum cuestion\u00f3 el tratamiento que distintos medios de comunicaci\u00f3n y comentaristas realizan sobre temas relacionados con su gobierno y la oposici\u00f3n, al considerar que existe una narrativa que se replica de manera recurrente en diferentes espacios informativos.<\/p>\n\n\n\n<p class=\"wp-block-paragraph\">Durante sus declaraciones, Sheinbaum afirm\u00f3 que una parte importante de los comentaristas y programas de televisi\u00f3n y radio presentan argumentos similares sobre su administraci\u00f3n, situaci\u00f3n que calific\u00f3 como una narrativa \u201csincronizada\u201d.<\/p>\n\n\n\n<p class=\"wp-block-paragraph\">La mandataria tambi\u00e9n utiliz\u00f3 el t\u00e9rmino \u201cinventada\u201d para referirse a parte de la informaci\u00f3n y opiniones difundidas en estos espacios. Seg\u00fan su postura, este tipo de contenidos puede generar desinformaci\u00f3n entre las audiencias y construir una percepci\u00f3n que no corresponde con las acciones de su gobierno.<\/p>\n\n\n\n<p class=\"wp-block-paragraph\">Las declaraciones forman parte de las diferencias que la presidenta ha expresado p\u00fablicamente respecto de la cobertura y an\u00e1lisis realizados por determinados medios y comunicadores. Sheinbaum ha defendido las conferencias matutinas como un mecanismo para presentar directamente la posici\u00f3n y datos del Gobierno federal.<\/p>\n\n\n\n<p class=\"wp-block-paragraph\">El se\u00f1alamiento abre nuevamente el debate sobre la relaci\u00f3n entre el poder p\u00fablico y los medios de comunicaci\u00f3n, as\u00ed como sobre la libertad de expresi\u00f3n, la cr\u00edtica y la responsabilidad de combatir la desinformaci\u00f3n. Las afirmaciones sobre una narrativa coordinada corresponden a la valoraci\u00f3n expresada por la presidenta.<\/p>\n","protected":false},"excerpt":{"rendered":"<p>La presidenta Claudia Sheinbaum cuestion\u00f3 el tratamiento que distintos medios de comunicaci\u00f3n y comentaristas realizan sobre temas relacionados con su gobierno y la oposici\u00f3n, al considerar que existe una narrativa que se replica de manera recurrente en diferentes espacios informativos. Durante sus declaraciones, Sheinbaum afirm\u00f3 que una parte importante de los comentaristas y programas de [&hellip;]<\/p>\n","protected":false},"author":2,"featured_media":112593,"comment_status":"closed","ping_status":"closed","sticky":false,"template":"","format":"standard","meta":{"footnotes":""},"categories":[34],"tags":[91,2377,348,2193,2346,1055,2302,2378,77,2196,2375,2221,2376,708],"class_list":["post-112592","post","type-post","status-publish","format-standard","has-post-thumbnail","hentry","category-nacional","tag-claudia-sheinbaum","tag-comentaristas","tag-desinformacion","tag-gobierno-de-mexico","tag-libertad-de-expresion","tag-medios-de-comunicacion","tag-oposicion","tag-periodistas","tag-politica-mexicana","tag-politica-nacional","tag-prensa","tag-presidencia-de-mexico","tag-radio","tag-television"],"_links":{"self":[{"href":"https:\/\/elinformante.mx\/index.php?rest_route=\/wp\/v2\/posts\/112592","targetHints":{"allow":["GET"]}}],"collection":[{"href":"https:\/\/elinformante.mx\/index.php?rest_route=\/wp\/v2\/posts"}],"about":[{"href":"https:\/\/elinformante.mx\/index.php?rest_route=\/wp\/v2\/types\/post"}],"author":[{"embeddable":true,"href":"https:\/\/elinformante.mx\/index.php?rest_route=\/wp\/v2\/users\/2"}],"replies":[{"embeddable":true,"href":"https:\/\/elinformante.mx\/index.php?rest_route=%2Fwp%2Fv2%2Fcomments&post=112592"}],"version-history":[{"count":112594,"href":"https:\/\/elinformante.mx\/index.php?rest_route=\/wp\/v2\/posts\/112592\/revisions"}],"predecessor-version":[{"id":112594,"href":"https:\/\/elinformante.mx\/index.php?rest_route=\/wp\/v2\/posts\/112592\/revisions\/112594"}],"wp:featuredmedia":[{"embeddable":true,"href":"https:\/\/elinformante.mx\/index.php?rest_route=\/wp\/v2\/media\/112593"}],"wp:attachment":[{"href":"https:\/\/elinformante.mx\/index.php?rest_route=%2Fwp%2Fv2%2Fmedia&parent=112592"}],"wp:term":[{"taxonomy":"category","embeddable":true,"href":"https:\/\/elinformante.mx\/index.php?rest_route=%2Fwp%2Fv2%2Fcategories&post=112592"},{"taxonomy":"post_tag","embeddable":true,"href":"https:\/\/elinformante.mx\/index.php?rest_route=%2Fwp%2Fv2%2Ftags&post=112592"}],"curies":[{"name":"wp","href":"https:\/\/api.w.org\/{rel}","templated":true}]}}