{"id":112599,"date":"2026-09-04T05:21:41","date_gmt":"2026-09-04T11:21:41","guid":{"rendered":"https:\/\/elinformante.mx\/?p=112599"},"modified":"2026-09-04T05:22:43","modified_gmt":"2026-09-04T11:22:43","slug":"alfonso-cuaron-producira-ravenloft-y-se-adentra-en-las-series-de-terror","status":"publish","type":"post","link":"https:\/\/elinformante.mx\/?p=112599","title":{"rendered":"Alfonso Cuar\u00f3n producir\u00e1 \u201cRavenloft\u201d y se adentra en las series de terror"},"content":{"rendered":"\n<figure class=\"wp-block-pullquote\"><blockquote><p>El cineasta mexicano ser\u00e1 productor ejecutivo de la nueva serie de Netflix, centrada en el origen del vampiro Strahd von Zarovich y el oscuro territorio de Barovia.<\/p><\/blockquote><\/figure>\n\n\n\n<p class=\"has-drop-cap wp-block-paragraph\">El universo de Calabozos y Dragones llegar\u00e1 nuevamente a la pantalla, esta vez de la mano del cineasta mexicano Alfonso Cuar\u00f3n, quien participar\u00e1 como productor ejecutivo de Ravenloft, una nueva serie de acci\u00f3n real que llevar\u00e1 al p\u00fablico a uno de los escenarios m\u00e1s oscuros y reconocidos del popular juego de rol.<br><\/p>\n\n\n\n<p class=\"wp-block-paragraph\">De acuerdo con informaci\u00f3n difundida este 3 de septiembre por Deadline, la producci\u00f3n contar\u00e1 con John August como guionista y productor ejecutivo, adem\u00e1s de la participaci\u00f3n de Hasbro Entertainment y los ejecutivos Richard Schwartz y Gaby Rodr\u00edguez.<br><\/p>\n\n\n\n<p class=\"wp-block-paragraph\">La historia tendr\u00e1 como protagonista a Strahd von Zarovich, el temido Se\u00f1or Oscuro de Barovia, y narrar\u00e1 su transformaci\u00f3n de un antih\u00e9roe marcado por una historia tr\u00e1gica a un poderoso vampiro. La trama combinar\u00e1 terror g\u00f3tico, romance, magia oscura, intriga sobrenatural y obsesi\u00f3n por el poder.<br><\/p>\n\n\n\n<p class=\"wp-block-paragraph\">Barovia ser\u00e1 el escenario principal de una historia ambientada en los llamados Dominios del Terror, territorios aislados gobernados por seres sobrenaturales. La serie explorar\u00e1 los acontecimientos que llevaron a Strahd a convertirse en una de las figuras m\u00e1s temidas del universo de Calabozos y Dragones.<br><\/p>\n\n\n\n<figure class=\"wp-block-image size-large\"><img fetchpriority=\"high\" decoding=\"async\" width=\"1024\" height=\"506\" src=\"https:\/\/elinformante.mx\/wp-content\/uploads\/2026\/09\/15alfonso-2-1024x506.jpg\" alt=\"\" class=\"wp-image-112609\" srcset=\"https:\/\/elinformante.mx\/wp-content\/uploads\/2026\/09\/15alfonso-2-1024x506.jpg 1024w, https:\/\/elinformante.mx\/wp-content\/uploads\/2026\/09\/15alfonso-2-300x148.jpg 300w, https:\/\/elinformante.mx\/wp-content\/uploads\/2026\/09\/15alfonso-2-767x379.jpg 767w, https:\/\/elinformante.mx\/wp-content\/uploads\/2026\/09\/15alfonso-2.jpg 1140w\" sizes=\"(max-width: 1024px) 100vw, 1024px\" \/><\/figure>\n\n\n\n<p class=\"wp-block-paragraph\">Aunque el proyecto ya se encuentra en desarrollo, Netflix todav\u00eda no ha revelado qui\u00e9n integrar\u00e1 el reparto, cu\u00e1ndo comenzar\u00e1n las grabaciones, cu\u00e1ntos episodios tendr\u00e1 la primera temporada ni su posible fecha de estreno. Tampoco se ha confirmado que Cuar\u00f3n vaya a dirigir alguno de los cap\u00edtulos.<br><\/p>\n\n\n\n<p class=\"wp-block-paragraph\">Ravenloft naci\u00f3 en 1983 como una aventura creada por Tracy y Laura Hickman para Advanced Dungeons &amp; Dragons y posteriormente se convirti\u00f3 en uno de los escenarios m\u00e1s populares de la franquicia, con presencia en novelas, videojuegos y otros materiales.<br><\/p>\n\n\n\n<p class=\"wp-block-paragraph\">La producci\u00f3n representa una nueva apuesta televisiva por Dungeons &amp; Dragons despu\u00e9s de que Netflix descartara continuar con The Forgotten Realms, proyecto anunciado en 2025 y que ten\u00eda a Drew Crevello como guionista y a Shawn Levy como productor ejecutivo.<br><\/p>\n\n\n\n<p class=\"wp-block-paragraph\">La franquicia tambi\u00e9n lleg\u00f3 al cine en 2023 con Dungeons &amp; Dragons: Honor Among Thieves, cinta que recaud\u00f3 alrededor de 205 millones de d\u00f3lares en taquilla mundial.<br><\/p>\n\n\n\n<p class=\"wp-block-paragraph\">Para Cuar\u00f3n, Ravenloft se suma a una etapa de creciente participaci\u00f3n en televisi\u00f3n. El mexicano trabaj\u00f3 recientemente en Disclaimer, miniserie de Apple TV+ protagonizada por Cate Blanchett, y tambi\u00e9n desarrolla Ascension, proyecto inspirado en la novela Last Days, de Adam Nevill.<\/p>\n","protected":false},"excerpt":{"rendered":"<p>El cineasta mexicano ser\u00e1 productor ejecutivo de la nueva serie de Netflix, centrada en el origen del vampiro Strahd von Zarovich y el oscuro territorio de Barovia. El universo de Calabozos y Dragones llegar\u00e1 nuevamente a la pantalla, esta vez de la mano del cineasta mexicano Alfonso Cuar\u00f3n, quien participar\u00e1 como productor ejecutivo de Ravenloft, [&hellip;]<\/p>\n","protected":false},"author":1,"featured_media":112608,"comment_status":"closed","ping_status":"closed","sticky":false,"template":"","format":"standard","meta":{"footnotes":""},"categories":[30,39],"tags":[],"class_list":["post-112599","post","type-post","status-publish","format-standard","has-post-thumbnail","hentry","category-destacado","category-espectaculos"],"_links":{"self":[{"href":"https:\/\/elinformante.mx\/index.php?rest_route=\/wp\/v2\/posts\/112599","targetHints":{"allow":["GET"]}}],"collection":[{"href":"https:\/\/elinformante.mx\/index.php?rest_route=\/wp\/v2\/posts"}],"about":[{"href":"https:\/\/elinformante.mx\/index.php?rest_route=\/wp\/v2\/types\/post"}],"author":[{"embeddable":true,"href":"https:\/\/elinformante.mx\/index.php?rest_route=\/wp\/v2\/users\/1"}],"replies":[{"embeddable":true,"href":"https:\/\/elinformante.mx\/index.php?rest_route=%2Fwp%2Fv2%2Fcomments&post=112599"}],"version-history":[{"count":0,"href":"https:\/\/elinformante.mx\/index.php?rest_route=\/wp\/v2\/posts\/112599\/revisions"}],"wp:featuredmedia":[{"embeddable":true,"href":"https:\/\/elinformante.mx\/index.php?rest_route=\/wp\/v2\/media\/112608"}],"wp:attachment":[{"href":"https:\/\/elinformante.mx\/index.php?rest_route=%2Fwp%2Fv2%2Fmedia&parent=112599"}],"wp:term":[{"taxonomy":"category","embeddable":true,"href":"https:\/\/elinformante.mx\/index.php?rest_route=%2Fwp%2Fv2%2Fcategories&post=112599"},{"taxonomy":"post_tag","embeddable":true,"href":"https:\/\/elinformante.mx\/index.php?rest_route=%2Fwp%2Fv2%2Ftags&post=112599"}],"curies":[{"name":"wp","href":"https:\/\/api.w.org\/{rel}","templated":true}]}}