{"id":112607,"date":"2026-09-04T05:23:27","date_gmt":"2026-09-04T11:23:27","guid":{"rendered":"https:\/\/elinformante.mx\/?p=112607"},"modified":"2026-09-04T05:23:31","modified_gmt":"2026-09-04T11:23:31","slug":"quinones-vuelve-a-rugir-en-arabia-el-goleador-mexicano-rompe-la-sequia-de-goles","status":"publish","type":"post","link":"https:\/\/elinformante.mx\/?p=112607","title":{"rendered":"Qui\u00f1ones vuelve a rugir en Arabia: el goleador mexicano rompe la sequ\u00eda de goles"},"content":{"rendered":"\n<figure class=\"wp-block-pullquote\"><blockquote><p>El delantero del Al-Qadisiya fue elegido jugador del partido tras marcar de cabeza en la Saudi Pro League.<\/p><\/blockquote><\/figure>\n\n\n\n<p class=\"has-drop-cap wp-block-paragraph\">Juli\u00e1n Andr\u00e9s Qui\u00f1ones volvi\u00f3 a hacerse presente en el marcador con el Al-Qadisiya, luego de anotar este jueves 3 de septiembre en el triunfo de su equipo dentro de la quinta jornada de la Saudi Pro League.<br><\/p>\n\n\n\n<p class=\"wp-block-paragraph\">El atacante mexicano apareci\u00f3 dentro del \u00e1rea para conectar un potente remate de cabeza y marcar el segundo gol de su equipo. La anotaci\u00f3n puso fin a una racha de cuatro encuentros sin marcar y le permiti\u00f3 llegar a dos tantos en la presente temporada.<br><\/p>\n\n\n\n<p class=\"wp-block-paragraph\">Su primera anotaci\u00f3n del torneo hab\u00eda llegado el pasado 13 de agosto, durante la victoria 3-1 del Al-Qadisiya sobre Al-Shabab, partido en el que Qui\u00f1ones consigui\u00f3 el segundo tanto.<br><\/p>\n\n\n\n<p class=\"wp-block-paragraph\">La actuaci\u00f3n del delantero fue reconocida por la propia Liga Saud\u00ed, que lo eligi\u00f3 como jugador del partido. El atacante de 29 a\u00f1os contin\u00faa as\u00ed con el buen momento que construy\u00f3 durante su primera Copa del Mundo con la Selecci\u00f3n Mexicana.<br><\/p>\n\n\n\n<p class=\"wp-block-paragraph\">Qui\u00f1ones record\u00f3 recientemente lo que signific\u00f3 disputar el Mundial de 2026 y marcar en su debut internacional, despu\u00e9s de haber elegido representar a M\u00e9xico pese a sus posibilidades de jugar con Colombia, pa\u00eds donde naci\u00f3.<br><\/p>\n\n\n\n<p class=\"wp-block-paragraph\">\u201cFue un momento inolvidable\u201d, se\u00f1al\u00f3 el atacante al hablar de su primera experiencia mundialista, en la que consigui\u00f3 cuatro anotaciones y se convirti\u00f3 en uno de los principales goleadores mexicanos del torneo.<br><\/p>\n\n\n\n<p class=\"wp-block-paragraph\">Ahora, de regreso en Arabia Saudita, Qui\u00f1ones busca mantener su ritmo goleador y consolidarse nuevamente como una de las principales figuras del Al-Qadisiya.<\/p>\n","protected":false},"excerpt":{"rendered":"<p>El delantero del Al-Qadisiya fue elegido jugador del partido tras marcar de cabeza en la Saudi Pro League. Juli\u00e1n Andr\u00e9s Qui\u00f1ones volvi\u00f3 a hacerse presente en el marcador con el Al-Qadisiya, luego de anotar este jueves 3 de septiembre en el triunfo de su equipo dentro de la quinta jornada de la Saudi Pro League. [&hellip;]<\/p>\n","protected":false},"author":1,"featured_media":112613,"comment_status":"closed","ping_status":"closed","sticky":false,"template":"","format":"standard","meta":{"footnotes":""},"categories":[38],"tags":[],"class_list":["post-112607","post","type-post","status-publish","format-standard","has-post-thumbnail","hentry","category-deportes"],"_links":{"self":[{"href":"https:\/\/elinformante.mx\/index.php?rest_route=\/wp\/v2\/posts\/112607","targetHints":{"allow":["GET"]}}],"collection":[{"href":"https:\/\/elinformante.mx\/index.php?rest_route=\/wp\/v2\/posts"}],"about":[{"href":"https:\/\/elinformante.mx\/index.php?rest_route=\/wp\/v2\/types\/post"}],"author":[{"embeddable":true,"href":"https:\/\/elinformante.mx\/index.php?rest_route=\/wp\/v2\/users\/1"}],"replies":[{"embeddable":true,"href":"https:\/\/elinformante.mx\/index.php?rest_route=%2Fwp%2Fv2%2Fcomments&post=112607"}],"version-history":[{"count":0,"href":"https:\/\/elinformante.mx\/index.php?rest_route=\/wp\/v2\/posts\/112607\/revisions"}],"wp:featuredmedia":[{"embeddable":true,"href":"https:\/\/elinformante.mx\/index.php?rest_route=\/wp\/v2\/media\/112613"}],"wp:attachment":[{"href":"https:\/\/elinformante.mx\/index.php?rest_route=%2Fwp%2Fv2%2Fmedia&parent=112607"}],"wp:term":[{"taxonomy":"category","embeddable":true,"href":"https:\/\/elinformante.mx\/index.php?rest_route=%2Fwp%2Fv2%2Fcategories&post=112607"},{"taxonomy":"post_tag","embeddable":true,"href":"https:\/\/elinformante.mx\/index.php?rest_route=%2Fwp%2Fv2%2Ftags&post=112607"}],"curies":[{"name":"wp","href":"https:\/\/api.w.org\/{rel}","templated":true}]}}