{"id":112618,"date":"2026-09-04T05:27:35","date_gmt":"2026-09-04T11:27:35","guid":{"rendered":"https:\/\/elinformante.mx\/?p=112618"},"modified":"2026-09-04T05:27:46","modified_gmt":"2026-09-04T11:27:46","slug":"el-jefe-se-escondia-entre-lujos-capturan-a-presunto-lider-delictivo-en-puebla","status":"publish","type":"post","link":"https:\/\/elinformante.mx\/?p=112618","title":{"rendered":"\u00a1El \u201cJefe\u201d se escond\u00eda entre lujos! Capturan a presunto l\u00edder delictivo en Puebla"},"content":{"rendered":"\n<figure class=\"wp-block-pullquote\"><blockquote><p>El supuesto l\u00edder fue detenido junto con dos presuntos escoltas; autoridades aseguraron armas, drogas y veh\u00edculos de alta gama.<\/p><\/blockquote><\/figure>\n\n\n\n<p class=\"has-drop-cap wp-block-paragraph\">Un operativo coordinado en Lomas de Angel\u00f3polis, Puebla, termin\u00f3 con la captura de tres hombres, entre ellos un supuesto l\u00edder de una c\u00e9lula delictiva considerada objetivo prioritario por las autoridades.<br><\/p>\n\n\n\n<p class=\"wp-block-paragraph\">De acuerdo con el Gabinete de Seguridad, el grupo estar\u00eda relacionado con delitos contra la salud, secuestro y extorsi\u00f3n, adem\u00e1s de tener presencia en Acapulco, Guerrero.<br><\/p>\n\n\n\n<p class=\"wp-block-paragraph\">La investigaci\u00f3n y labores de inteligencia permitieron ubicar un inmueble presuntamente utilizado por integrantes de la c\u00e9lula. Con los datos obtenidos, un juez de control autoriz\u00f3 una orden de cateo.<br><\/p>\n\n\n\n<p class=\"wp-block-paragraph\">Durante el operativo participaron elementos de la FGR, Marina y SSPC, con informaci\u00f3n del Centro Nacional de Inteligencia y en coordinaci\u00f3n con autoridades de Puebla y Guerrero.<br><\/p>\n\n\n\n<figure class=\"wp-block-image size-large\"><img fetchpriority=\"high\" decoding=\"async\" width=\"1024\" height=\"506\" src=\"https:\/\/elinformante.mx\/wp-content\/uploads\/2026\/09\/13EL-JEFE-2-1024x506.jpg\" alt=\"\" class=\"wp-image-112624\" srcset=\"https:\/\/elinformante.mx\/wp-content\/uploads\/2026\/09\/13EL-JEFE-2-1024x506.jpg 1024w, https:\/\/elinformante.mx\/wp-content\/uploads\/2026\/09\/13EL-JEFE-2-300x148.jpg 300w, https:\/\/elinformante.mx\/wp-content\/uploads\/2026\/09\/13EL-JEFE-2-767x379.jpg 767w, https:\/\/elinformante.mx\/wp-content\/uploads\/2026\/09\/13EL-JEFE-2.jpg 1140w\" sizes=\"(max-width: 1024px) 100vw, 1024px\" \/><\/figure>\n\n\n\n<p class=\"wp-block-paragraph\">En el inmueble fueron detenidos tres hombres. Uno de ellos, identificado como el presunto l\u00edder, contaba con una orden de aprehensi\u00f3n por homicidio calificado.<br><\/p>\n\n\n\n<p class=\"wp-block-paragraph\">Adem\u00e1s, las autoridades aseguraron armas, drogas y veh\u00edculos de alta gama, objetos que quedaron a disposici\u00f3n del Ministerio P\u00fablico junto con los detenidos.<br><\/p>\n\n\n\n<p class=\"wp-block-paragraph\">Los tres hombres fueron informados de sus derechos y quedaron bajo custodia de la autoridad ministerial, que determinar\u00e1 su situaci\u00f3n jur\u00eddica conforme avance la investigaci\u00f3n.<br><\/p>\n\n\n\n<p class=\"wp-block-paragraph\">El operativo forma parte de las acciones de inteligencia y seguridad dirigidas contra objetivos considerados generadores de violencia en distintas regiones del pa\u00eds.<\/p>\n","protected":false},"excerpt":{"rendered":"<p>El supuesto l\u00edder fue detenido junto con dos presuntos escoltas; autoridades aseguraron armas, drogas y veh\u00edculos de alta gama. Un operativo coordinado en Lomas de Angel\u00f3polis, Puebla, termin\u00f3 con la captura de tres hombres, entre ellos un supuesto l\u00edder de una c\u00e9lula delictiva considerada objetivo prioritario por las autoridades. De acuerdo con el Gabinete de [&hellip;]<\/p>\n","protected":false},"author":1,"featured_media":112623,"comment_status":"closed","ping_status":"closed","sticky":false,"template":"","format":"standard","meta":{"footnotes":""},"categories":[37,34],"tags":[],"class_list":["post-112618","post","type-post","status-publish","format-standard","has-post-thumbnail","hentry","category-justicia","category-nacional"],"_links":{"self":[{"href":"https:\/\/elinformante.mx\/index.php?rest_route=\/wp\/v2\/posts\/112618","targetHints":{"allow":["GET"]}}],"collection":[{"href":"https:\/\/elinformante.mx\/index.php?rest_route=\/wp\/v2\/posts"}],"about":[{"href":"https:\/\/elinformante.mx\/index.php?rest_route=\/wp\/v2\/types\/post"}],"author":[{"embeddable":true,"href":"https:\/\/elinformante.mx\/index.php?rest_route=\/wp\/v2\/users\/1"}],"replies":[{"embeddable":true,"href":"https:\/\/elinformante.mx\/index.php?rest_route=%2Fwp%2Fv2%2Fcomments&post=112618"}],"version-history":[{"count":0,"href":"https:\/\/elinformante.mx\/index.php?rest_route=\/wp\/v2\/posts\/112618\/revisions"}],"wp:featuredmedia":[{"embeddable":true,"href":"https:\/\/elinformante.mx\/index.php?rest_route=\/wp\/v2\/media\/112623"}],"wp:attachment":[{"href":"https:\/\/elinformante.mx\/index.php?rest_route=%2Fwp%2Fv2%2Fmedia&parent=112618"}],"wp:term":[{"taxonomy":"category","embeddable":true,"href":"https:\/\/elinformante.mx\/index.php?rest_route=%2Fwp%2Fv2%2Fcategories&post=112618"},{"taxonomy":"post_tag","embeddable":true,"href":"https:\/\/elinformante.mx\/index.php?rest_route=%2Fwp%2Fv2%2Ftags&post=112618"}],"curies":[{"name":"wp","href":"https:\/\/api.w.org\/{rel}","templated":true}]}}