{"id":112622,"date":"2026-09-04T05:28:38","date_gmt":"2026-09-04T11:28:38","guid":{"rendered":"https:\/\/elinformante.mx\/?p=112622"},"modified":"2026-09-04T05:29:20","modified_gmt":"2026-09-04T11:29:20","slug":"paga-o-no-trabajassujeto-es-acusado-de-extorsionar-a-empresa-de-transporte-en-hueypoxtla","status":"publish","type":"post","link":"https:\/\/elinformante.mx\/?p=112622","title":{"rendered":"\u201c\u00a1Paga o no trabajas!\u201d; Sujeto es acusado de extorsionar a empresa de transporte en Hueypoxtla"},"content":{"rendered":"\n<figure class=\"wp-block-pullquote\"><blockquote><p>Jos\u00e9 Leonardo \u201cN\u201d fue vinculado a proceso por presuntamente exigir dinero a trabajadores de una empresa en Hueypoxtla a cambio de dejarlos operar sin amenazas.<\/p><\/blockquote><\/figure>\n\n\n\n<p class=\"has-drop-cap wp-block-paragraph\">Jos\u00e9 Leonardo \u201cN\u201d fue vinculado a proceso por su probable participaci\u00f3n en el delito de extorsi\u00f3n contra una empresa de transporte privado en el municipio de Hueypoxtla, Estado de M\u00e9xico.<br><\/p>\n\n\n\n<p class=\"wp-block-paragraph\">De acuerdo con la investigaci\u00f3n de la Fiscal\u00eda General de Justicia del Estado de M\u00e9xico, en mayo de 2014 trabajadores de la empresa habr\u00edan sido abordados por varios sujetos que presuntamente se identificaron como integrantes de un grupo criminal.<br><\/p>\n\n\n\n<p class=\"wp-block-paragraph\">Los individuos les habr\u00edan exigido cantidades de dinero a cambio de no causarles da\u00f1o y permitirles continuar con sus actividades, por lo que, ante el temor de sufrir represalias, la empresa habr\u00eda realizado diversos pagos.<br><\/p>\n\n\n\n<p class=\"wp-block-paragraph\">Tras las investigaciones, la Fiscal\u00eda logr\u00f3 identificar a los probables responsables y obtuvo una orden de aprehensi\u00f3n contra Jos\u00e9 Leonardo \u201cN\u201d.<br><\/p>\n\n\n\n<p class=\"wp-block-paragraph\">El detenido fue capturado por agentes de la Fiscal\u00eda mexiquense e ingresado a un Centro Penitenciario y de Reinserci\u00f3n Social, donde qued\u00f3 a disposici\u00f3n de la autoridad judicial.<br><\/p>\n\n\n\n<p class=\"wp-block-paragraph\">Con los elementos presentados por el Ministerio P\u00fablico, un juez determin\u00f3 vincularlo a proceso, fij\u00f3 un plazo de dos meses para el cierre de la investigaci\u00f3n complementaria y mantuvo la prisi\u00f3n preventiva oficiosa como medida cautelar.<br><\/p>\n\n\n\n<p class=\"wp-block-paragraph\">El imputado deber\u00e1 ser considerado inocente mientras no exista una sentencia condenatoria en su contra.<\/p>\n","protected":false},"excerpt":{"rendered":"<p>Jos\u00e9 Leonardo \u201cN\u201d fue vinculado a proceso por presuntamente exigir dinero a trabajadores de una empresa en Hueypoxtla a cambio de dejarlos operar sin amenazas. Jos\u00e9 Leonardo \u201cN\u201d fue vinculado a proceso por su probable participaci\u00f3n en el delito de extorsi\u00f3n contra una empresa de transporte privado en el municipio de Hueypoxtla, Estado de M\u00e9xico. [&hellip;]<\/p>\n","protected":false},"author":1,"featured_media":112627,"comment_status":"closed","ping_status":"closed","sticky":false,"template":"","format":"standard","meta":{"footnotes":""},"categories":[30,36,37],"tags":[],"class_list":["post-112622","post","type-post","status-publish","format-standard","has-post-thumbnail","hentry","category-destacado","category-edomex","category-justicia"],"_links":{"self":[{"href":"https:\/\/elinformante.mx\/index.php?rest_route=\/wp\/v2\/posts\/112622","targetHints":{"allow":["GET"]}}],"collection":[{"href":"https:\/\/elinformante.mx\/index.php?rest_route=\/wp\/v2\/posts"}],"about":[{"href":"https:\/\/elinformante.mx\/index.php?rest_route=\/wp\/v2\/types\/post"}],"author":[{"embeddable":true,"href":"https:\/\/elinformante.mx\/index.php?rest_route=\/wp\/v2\/users\/1"}],"replies":[{"embeddable":true,"href":"https:\/\/elinformante.mx\/index.php?rest_route=%2Fwp%2Fv2%2Fcomments&post=112622"}],"version-history":[{"count":0,"href":"https:\/\/elinformante.mx\/index.php?rest_route=\/wp\/v2\/posts\/112622\/revisions"}],"wp:featuredmedia":[{"embeddable":true,"href":"https:\/\/elinformante.mx\/index.php?rest_route=\/wp\/v2\/media\/112627"}],"wp:attachment":[{"href":"https:\/\/elinformante.mx\/index.php?rest_route=%2Fwp%2Fv2%2Fmedia&parent=112622"}],"wp:term":[{"taxonomy":"category","embeddable":true,"href":"https:\/\/elinformante.mx\/index.php?rest_route=%2Fwp%2Fv2%2Fcategories&post=112622"},{"taxonomy":"post_tag","embeddable":true,"href":"https:\/\/elinformante.mx\/index.php?rest_route=%2Fwp%2Fv2%2Ftags&post=112622"}],"curies":[{"name":"wp","href":"https:\/\/api.w.org\/{rel}","templated":true}]}}