{"id":112626,"date":"2026-09-04T05:30:14","date_gmt":"2026-09-04T11:30:14","guid":{"rendered":"https:\/\/elinformante.mx\/?p=112626"},"modified":"2026-09-04T05:30:19","modified_gmt":"2026-09-04T11:30:19","slug":"manuel-vilchis-fortalece-gestion-de-recursos-para-impulsar-obras-en-zinacantepec","status":"publish","type":"post","link":"https:\/\/elinformante.mx\/?p=112626","title":{"rendered":"Manuel Vilchis fortalece gesti\u00f3n de recursos para impulsar obras en Zinacantepec"},"content":{"rendered":"\n<figure class=\"wp-block-pullquote\"><blockquote><p>El alcalde formaliz\u00f3 el convenio del FEFOM, que permitir\u00e1 al municipio contar con recursos para infraestructura y acciones en beneficio de las familias.<\/p><\/blockquote><\/figure>\n\n\n\n<p class=\"has-drop-cap wp-block-paragraph\">El presidente municipal de Zinacantepec, Manuel Vilchis Viveros, contin\u00faa fortaleciendo las gestiones ante el Gobierno del Estado de M\u00e9xico para impulsar obras, infraestructura y mejores servicios para las familias del municipio.<br><\/p>\n\n\n\n<p class=\"wp-block-paragraph\">Como parte de estas acciones, el alcalde llev\u00f3 a cabo la firma del convenio para la asignaci\u00f3n de recursos del Fondo Estatal de Fortalecimiento Municipal (FEFOM), durante un encuentro con el director general de Inversi\u00f3n de la Subsecretar\u00eda de Planeaci\u00f3n y Presupuesto, C\u00e9sar Adri\u00e1n Basilio Ortiz.<br><\/p>\n\n\n\n<p class=\"wp-block-paragraph\">Vilchis Viveros destac\u00f3 que estos recursos representan una herramienta fundamental para convertir la gesti\u00f3n municipal en proyectos que atiendan las necesidades de la poblaci\u00f3n y contribuyan al desarrollo de Zinacantepec.<br><\/p>\n\n\n\n<p class=\"wp-block-paragraph\">El edil reconoci\u00f3 el respaldo de la gobernadora del Estado de M\u00e9xico, Delfina G\u00f3mez \u00c1lvarez, por mantener una visi\u00f3n municipalista y promover acciones coordinadas con los ayuntamientos, as\u00ed como el acompa\u00f1amiento de la Secretar\u00eda de Finanzas estatal.<br><\/p>\n\n\n\n<p class=\"wp-block-paragraph\">Se\u00f1al\u00f3 que el trabajo conjunto entre los distintos \u00f3rdenes de gobierno permite fortalecer las capacidades de los municipios y generar mejores condiciones para atender las demandas ciudadanas.<br><\/p>\n\n\n\n<p class=\"wp-block-paragraph\">El gobierno municipal refrend\u00f3 que continuar\u00e1 realizando las gestiones necesarias para atraer recursos y concretar proyectos que se traduzcan en mejores servicios, infraestructura y bienestar para la poblaci\u00f3n.<br><\/p>\n\n\n\n<p class=\"wp-block-paragraph\">Con esta estrategia, la administraci\u00f3n 2025-2027 mantiene como prioridad gestionar, coordinar y transformar los recursos p\u00fablicos en resultados, con la visi\u00f3n de construir un Zinacantepec con mayor infraestructura y mejores condiciones de vida para sus habitantes.<\/p>\n","protected":false},"excerpt":{"rendered":"<p>El alcalde formaliz\u00f3 el convenio del FEFOM, que permitir\u00e1 al municipio contar con recursos para infraestructura y acciones en beneficio de las familias. El presidente municipal de Zinacantepec, Manuel Vilchis Viveros, contin\u00faa fortaleciendo las gestiones ante el Gobierno del Estado de M\u00e9xico para impulsar obras, infraestructura y mejores servicios para las familias del municipio. Como [&hellip;]<\/p>\n","protected":false},"author":1,"featured_media":112631,"comment_status":"closed","ping_status":"closed","sticky":false,"template":"","format":"standard","meta":{"footnotes":""},"categories":[36],"tags":[],"class_list":["post-112626","post","type-post","status-publish","format-standard","has-post-thumbnail","hentry","category-edomex"],"_links":{"self":[{"href":"https:\/\/elinformante.mx\/index.php?rest_route=\/wp\/v2\/posts\/112626","targetHints":{"allow":["GET"]}}],"collection":[{"href":"https:\/\/elinformante.mx\/index.php?rest_route=\/wp\/v2\/posts"}],"about":[{"href":"https:\/\/elinformante.mx\/index.php?rest_route=\/wp\/v2\/types\/post"}],"author":[{"embeddable":true,"href":"https:\/\/elinformante.mx\/index.php?rest_route=\/wp\/v2\/users\/1"}],"replies":[{"embeddable":true,"href":"https:\/\/elinformante.mx\/index.php?rest_route=%2Fwp%2Fv2%2Fcomments&post=112626"}],"version-history":[{"count":0,"href":"https:\/\/elinformante.mx\/index.php?rest_route=\/wp\/v2\/posts\/112626\/revisions"}],"wp:featuredmedia":[{"embeddable":true,"href":"https:\/\/elinformante.mx\/index.php?rest_route=\/wp\/v2\/media\/112631"}],"wp:attachment":[{"href":"https:\/\/elinformante.mx\/index.php?rest_route=%2Fwp%2Fv2%2Fmedia&parent=112626"}],"wp:term":[{"taxonomy":"category","embeddable":true,"href":"https:\/\/elinformante.mx\/index.php?rest_route=%2Fwp%2Fv2%2Fcategories&post=112626"},{"taxonomy":"post_tag","embeddable":true,"href":"https:\/\/elinformante.mx\/index.php?rest_route=%2Fwp%2Fv2%2Ftags&post=112626"}],"curies":[{"name":"wp","href":"https:\/\/api.w.org\/{rel}","templated":true}]}}