{"id":112629,"date":"2026-09-04T05:31:54","date_gmt":"2026-09-04T11:31:54","guid":{"rendered":"https:\/\/elinformante.mx\/?p=112629"},"modified":"2026-09-04T05:31:59","modified_gmt":"2026-09-04T11:31:59","slug":"isaac-montoya-celebra-el-152-aniversario-de-la-ereccion-de-naucalpan","status":"publish","type":"post","link":"https:\/\/elinformante.mx\/?p=112629","title":{"rendered":"Isaac Montoya celebra el 152 aniversario de la erecci\u00f3n de Naucalpan"},"content":{"rendered":"\n<figure class=\"wp-block-pullquote\"><blockquote><p>Al conmemorar 152 a\u00f1os de la erecci\u00f3n del municipio, el alcalde present\u00f3 la transformaci\u00f3n del Parque Revoluci\u00f3n y anunci\u00f3 recorridos casa por casa para atender las necesidades de la poblaci\u00f3n.<\/p><\/blockquote><\/figure>\n\n\n\n<p class=\"has-drop-cap wp-block-paragraph\">Al conmemorar el 152 aniversario de la erecci\u00f3n de Naucalpan de Ju\u00e1rez, el presidente municipal Isaac Montoya M\u00e1rquez refrend\u00f3 su compromiso de impulsar una transformaci\u00f3n con sentido social, basada en la recuperaci\u00f3n de la identidad, la atenci\u00f3n a las comunidades con mayor rezago y un gobierno cercano a la ciudadan\u00eda.<br><\/p>\n\n\n\n<p class=\"wp-block-paragraph\">Desde el Parque Revoluci\u00f3n, el alcalde destac\u00f3 que conocer y preservar la historia del municipio es tambi\u00e9n una forma de fortalecer el orgullo de pertenecer a Naucalpan. En este marco, present\u00f3 el proyecto de transformaci\u00f3n de este espacio, que contempla la recuperaci\u00f3n de s\u00edmbolos y el reconocimiento de personajes vinculados con la historia revolucionaria.<br><\/p>\n\n\n\n<p class=\"wp-block-paragraph\">Montoya M\u00e1rquez se\u00f1al\u00f3 que los recursos p\u00fablicos deben atender de manera justa las necesidades de las colonias, comunidades y sectores que durante a\u00f1os han enfrentado mayores rezagos. En este sentido, anunci\u00f3 que a partir de la pr\u00f3xima semana se reforzar\u00e1 el gobierno de territorio, mediante recorridos casa por casa en los que participar\u00e1n titulares y responsables de las distintas \u00e1reas del Ayuntamiento para escuchar y atender directamente las demandas de la poblaci\u00f3n.<br><\/p>\n\n\n\n<figure class=\"wp-block-image size-large\"><img fetchpriority=\"high\" decoding=\"async\" width=\"1024\" height=\"506\" src=\"https:\/\/elinformante.mx\/wp-content\/uploads\/2026\/09\/12NAUCALPAN-3-1024x506.jpg\" alt=\"\" class=\"wp-image-112635\" srcset=\"https:\/\/elinformante.mx\/wp-content\/uploads\/2026\/09\/12NAUCALPAN-3-1024x506.jpg 1024w, https:\/\/elinformante.mx\/wp-content\/uploads\/2026\/09\/12NAUCALPAN-3-300x148.jpg 300w, https:\/\/elinformante.mx\/wp-content\/uploads\/2026\/09\/12NAUCALPAN-3-767x379.jpg 767w, https:\/\/elinformante.mx\/wp-content\/uploads\/2026\/09\/12NAUCALPAN-3.jpg 1140w\" sizes=\"(max-width: 1024px) 100vw, 1024px\" \/><\/figure>\n\n\n\n<p class=\"wp-block-paragraph\">El presidente municipal reconoci\u00f3 el respaldo de la gobernadora Delfina G\u00f3mez \u00c1lvarez, particularmente en proyectos estrat\u00e9gicos como la L\u00ednea 3 del Mexicable y la rehabilitaci\u00f3n de vialidades primarias, as\u00ed como el impulso de la presidenta Claudia Sheinbaum Pardo para incorporar a Naucalpan en acciones prioritarias de seguridad y desarrollo.<br><\/p>\n\n\n\n<p class=\"wp-block-paragraph\">Durante la conmemoraci\u00f3n, en la que participaron representantes del Gobierno del Estado de M\u00e9xico, integrantes del Ayuntamiento y la cronista municipal, el edil destac\u00f3 que la historia, el patrimonio y la identidad de Naucalpan deben acompa\u00f1ar la transformaci\u00f3n del municipio.<br><\/p>\n\n\n\n<p class=\"wp-block-paragraph\">A 152 a\u00f1os de su erecci\u00f3n, Naucalpan reafirma su rumbo hacia un gobierno con mayor presencia en el territorio, justicia social y cercan\u00eda con la ciudadan\u00eda, con el objetivo de recuperar espacios, atender rezagos y fortalecer el orgullo de las y los naucalpenses por su municipio.<\/p>\n","protected":false},"excerpt":{"rendered":"<p>Al conmemorar 152 a\u00f1os de la erecci\u00f3n del municipio, el alcalde present\u00f3 la transformaci\u00f3n del Parque Revoluci\u00f3n y anunci\u00f3 recorridos casa por casa para atender las necesidades de la poblaci\u00f3n. Al conmemorar el 152 aniversario de la erecci\u00f3n de Naucalpan de Ju\u00e1rez, el presidente municipal Isaac Montoya M\u00e1rquez refrend\u00f3 su compromiso de impulsar una transformaci\u00f3n [&hellip;]<\/p>\n","protected":false},"author":1,"featured_media":112634,"comment_status":"closed","ping_status":"closed","sticky":false,"template":"","format":"standard","meta":{"footnotes":""},"categories":[30,36],"tags":[],"class_list":["post-112629","post","type-post","status-publish","format-standard","has-post-thumbnail","hentry","category-destacado","category-edomex"],"_links":{"self":[{"href":"https:\/\/elinformante.mx\/index.php?rest_route=\/wp\/v2\/posts\/112629","targetHints":{"allow":["GET"]}}],"collection":[{"href":"https:\/\/elinformante.mx\/index.php?rest_route=\/wp\/v2\/posts"}],"about":[{"href":"https:\/\/elinformante.mx\/index.php?rest_route=\/wp\/v2\/types\/post"}],"author":[{"embeddable":true,"href":"https:\/\/elinformante.mx\/index.php?rest_route=\/wp\/v2\/users\/1"}],"replies":[{"embeddable":true,"href":"https:\/\/elinformante.mx\/index.php?rest_route=%2Fwp%2Fv2%2Fcomments&post=112629"}],"version-history":[{"count":0,"href":"https:\/\/elinformante.mx\/index.php?rest_route=\/wp\/v2\/posts\/112629\/revisions"}],"wp:featuredmedia":[{"embeddable":true,"href":"https:\/\/elinformante.mx\/index.php?rest_route=\/wp\/v2\/media\/112634"}],"wp:attachment":[{"href":"https:\/\/elinformante.mx\/index.php?rest_route=%2Fwp%2Fv2%2Fmedia&parent=112629"}],"wp:term":[{"taxonomy":"category","embeddable":true,"href":"https:\/\/elinformante.mx\/index.php?rest_route=%2Fwp%2Fv2%2Fcategories&post=112629"},{"taxonomy":"post_tag","embeddable":true,"href":"https:\/\/elinformante.mx\/index.php?rest_route=%2Fwp%2Fv2%2Ftags&post=112629"}],"curies":[{"name":"wp","href":"https:\/\/api.w.org\/{rel}","templated":true}]}}