{"id":112633,"date":"2026-09-04T05:33:46","date_gmt":"2026-09-04T11:33:46","guid":{"rendered":"https:\/\/elinformante.mx\/?p=112633"},"modified":"2026-09-04T05:33:50","modified_gmt":"2026-09-04T11:33:50","slug":"metepec-a-un-paso-de-superar-los-20-mil-arboles-plantados-en-2026","status":"publish","type":"post","link":"https:\/\/elinformante.mx\/?p=112633","title":{"rendered":"Metepec a un paso de superar los 20 mil \u00e1rboles plantados en 2026"},"content":{"rendered":"\n<figure class=\"wp-block-pullquote\"><blockquote><p>El municipio registra un avance de 93% en su meta de reforestaci\u00f3n, con la participaci\u00f3n de ciudadan\u00eda, empresas, escuelas y organizaciones.<\/p><\/blockquote><\/figure>\n\n\n\n<p class=\"has-drop-cap wp-block-paragraph\">El gobierno municipal de Metepec, encabezado por el presidente municipal Fernando Flores Fern\u00e1ndez, se encuentra cerca de alcanzar y superar la meta de plantar m\u00e1s de 20 mil \u00e1rboles y ejemplares de flora durante la temporada de arborizaci\u00f3n y reforestaci\u00f3n 2026.<br><\/p>\n\n\n\n<p class=\"wp-block-paragraph\">A tres semanas de concluir formalmente este periodo, el municipio registra un avance del 93 por ciento, resultado de una estrategia que ha sumado los esfuerzos de autoridades, ciudadan\u00eda, empresas, instituciones educativas y organizaciones sociales para recuperar y fortalecer las \u00e1reas verdes.<br><\/p>\n\n\n\n<p class=\"wp-block-paragraph\">Las jornadas se han desarrollado en parques, jardines, camellones, escuelas, espacios p\u00fablicos y zonas rurales, con una visi\u00f3n que busca que la reforestaci\u00f3n no se limite al n\u00famero de ejemplares plantados, sino que \u00e9stos tengan mayores posibilidades de adaptarse y permanecer.<br><\/p>\n\n\n\n<p class=\"wp-block-paragraph\">Para ello, la administraci\u00f3n municipal ha incorporado criterios t\u00e9cnicos en la selecci\u00f3n de especies y lugares de plantaci\u00f3n, tomando en cuenta las caracter\u00edsticas del terreno y las condiciones de cada zona.<br><\/p>\n\n\n\n<figure class=\"wp-block-image size-large\"><img fetchpriority=\"high\" decoding=\"async\" width=\"1024\" height=\"506\" src=\"https:\/\/elinformante.mx\/wp-content\/uploads\/2026\/09\/11METEPEC-2-3-1024x506.jpg\" alt=\"\" class=\"wp-image-112639\" srcset=\"https:\/\/elinformante.mx\/wp-content\/uploads\/2026\/09\/11METEPEC-2-3-1024x506.jpg 1024w, https:\/\/elinformante.mx\/wp-content\/uploads\/2026\/09\/11METEPEC-2-3-300x148.jpg 300w, https:\/\/elinformante.mx\/wp-content\/uploads\/2026\/09\/11METEPEC-2-3-767x379.jpg 767w, https:\/\/elinformante.mx\/wp-content\/uploads\/2026\/09\/11METEPEC-2-3.jpg 1140w\" sizes=\"(max-width: 1024px) 100vw, 1024px\" \/><\/figure>\n\n\n\n<p class=\"wp-block-paragraph\">La directora de Medio Ambiente de Metepec, Elisa Mart\u00ednez Maldonado, se\u00f1al\u00f3 que el ritmo de trabajo y la participaci\u00f3n social permiten prever que la meta ser\u00e1 alcanzada e incluso superada antes de finalizar la temporada.<br><\/p>\n\n\n\n<p class=\"wp-block-paragraph\">M\u00e1s all\u00e1 de incrementar la cobertura vegetal, el programa busca generar beneficios ambientales y sociales de largo plazo, como contribuir a la captura de di\u00f3xido de carbono, mejorar la calidad del aire, regular la temperatura, favorecer la infiltraci\u00f3n del agua y recuperar espacios para la convivencia de las familias.<br><\/p>\n\n\n\n<p class=\"wp-block-paragraph\">En este esfuerzo, la participaci\u00f3n ciudadana ocupa un papel central, ya que el cuidado de los \u00e1rboles despu\u00e9s de su plantaci\u00f3n es fundamental para garantizar su desarrollo. Por ello, el gobierno municipal promueve una cultura de corresponsabilidad en la que quienes participan tambi\u00e9n contribuyan a conservar los espacios intervenidos.<br><\/p>\n\n\n\n<p class=\"wp-block-paragraph\">Con tres semanas de actividades por delante, Metepec se encamina a cerrar la temporada 2026 por encima de los 20 mil ejemplares plantados, consolidando una pol\u00edtica ambiental que combina acciones de gobierno, participaci\u00f3n social y criterios t\u00e9cnicos para fortalecer el patrimonio natural del municipio.<br><\/p>\n\n\n\n<p class=\"wp-block-paragraph\">La administraci\u00f3n de Fernando Flores refrenda as\u00ed su apuesta por un Metepec m\u00e1s verde, sostenible y resiliente, con acciones que buscan generar beneficios ambientales para las familias de hoy y las pr\u00f3ximas generaciones.<\/p>\n","protected":false},"excerpt":{"rendered":"<p>El municipio registra un avance de 93% en su meta de reforestaci\u00f3n, con la participaci\u00f3n de ciudadan\u00eda, empresas, escuelas y organizaciones. El gobierno municipal de Metepec, encabezado por el presidente municipal Fernando Flores Fern\u00e1ndez, se encuentra cerca de alcanzar y superar la meta de plantar m\u00e1s de 20 mil \u00e1rboles y ejemplares de flora durante [&hellip;]<\/p>\n","protected":false},"author":1,"featured_media":112638,"comment_status":"closed","ping_status":"closed","sticky":false,"template":"","format":"standard","meta":{"footnotes":""},"categories":[36],"tags":[],"class_list":["post-112633","post","type-post","status-publish","format-standard","has-post-thumbnail","hentry","category-edomex"],"_links":{"self":[{"href":"https:\/\/elinformante.mx\/index.php?rest_route=\/wp\/v2\/posts\/112633","targetHints":{"allow":["GET"]}}],"collection":[{"href":"https:\/\/elinformante.mx\/index.php?rest_route=\/wp\/v2\/posts"}],"about":[{"href":"https:\/\/elinformante.mx\/index.php?rest_route=\/wp\/v2\/types\/post"}],"author":[{"embeddable":true,"href":"https:\/\/elinformante.mx\/index.php?rest_route=\/wp\/v2\/users\/1"}],"replies":[{"embeddable":true,"href":"https:\/\/elinformante.mx\/index.php?rest_route=%2Fwp%2Fv2%2Fcomments&post=112633"}],"version-history":[{"count":0,"href":"https:\/\/elinformante.mx\/index.php?rest_route=\/wp\/v2\/posts\/112633\/revisions"}],"wp:featuredmedia":[{"embeddable":true,"href":"https:\/\/elinformante.mx\/index.php?rest_route=\/wp\/v2\/media\/112638"}],"wp:attachment":[{"href":"https:\/\/elinformante.mx\/index.php?rest_route=%2Fwp%2Fv2%2Fmedia&parent=112633"}],"wp:term":[{"taxonomy":"category","embeddable":true,"href":"https:\/\/elinformante.mx\/index.php?rest_route=%2Fwp%2Fv2%2Fcategories&post=112633"},{"taxonomy":"post_tag","embeddable":true,"href":"https:\/\/elinformante.mx\/index.php?rest_route=%2Fwp%2Fv2%2Ftags&post=112633"}],"curies":[{"name":"wp","href":"https:\/\/api.w.org\/{rel}","templated":true}]}}