{"id":112637,"date":"2026-09-04T05:35:30","date_gmt":"2026-09-04T11:35:30","guid":{"rendered":"https:\/\/elinformante.mx\/?p=112637"},"modified":"2026-09-04T05:35:36","modified_gmt":"2026-09-04T11:35:36","slug":"bosch-celebra-60-anos-en-toluca-ricardo-moreno-destaca-su-aportacion-al-desarrollo-economico","status":"publish","type":"post","link":"https:\/\/elinformante.mx\/?p=112637","title":{"rendered":"Bosch celebra 60 a\u00f1os en Toluca; Ricardo Moreno destaca su aportaci\u00f3n al desarrollo econ\u00f3mico"},"content":{"rendered":"\n<figure class=\"wp-block-pullquote\"><blockquote><p>La presencia de la empresa durante seis d\u00e9cadas refrenda la confianza en el talento mexiquense y fortalece la proyecci\u00f3n industrial de la capital hacia mercados internacionales.<\/p><\/blockquote><\/figure>\n\n\n\n<p class=\"has-drop-cap wp-block-paragraph\">El presidente municipal de Toluca, Ricardo Moreno Bastida, reconoci\u00f3 la importancia de la industria establecida en la capital mexiquense y destac\u00f3 los 60 a\u00f1os de presencia de la planta Bosch, trayectoria que consider\u00f3 un reflejo de la confianza en el talento, la infraestructura y las condiciones productivas del municipio.<br><\/p>\n\n\n\n<p class=\"wp-block-paragraph\">Durante la celebraci\u00f3n por el 60 aniversario de Bosch Toluca, el alcalde resalt\u00f3 que la permanencia y crecimiento de empresas de alcance internacional contribuyen a generar empleos para mujeres y hombres, adem\u00e1s de impulsar un mayor dinamismo econ\u00f3mico en distintos sectores.<br><\/p>\n\n\n\n<p class=\"wp-block-paragraph\">A nombre del presidente municipal, la directora general de Desarrollo Econ\u00f3mico, Ana Yolanda Esquivel, subray\u00f3 la relevancia de la actividad industrial en el centro del Estado de M\u00e9xico y destac\u00f3 la capacidad de Toluca para atender las necesidades del sector mediante infraestructura, servicios y mano de obra calificada.<br><\/p>\n\n\n\n<figure class=\"wp-block-image size-large\"><img fetchpriority=\"high\" decoding=\"async\" width=\"1024\" height=\"506\" src=\"https:\/\/elinformante.mx\/wp-content\/uploads\/2026\/09\/11TOLUCA-3-1024x506.jpg\" alt=\"\" class=\"wp-image-112643\" srcset=\"https:\/\/elinformante.mx\/wp-content\/uploads\/2026\/09\/11TOLUCA-3-1024x506.jpg 1024w, https:\/\/elinformante.mx\/wp-content\/uploads\/2026\/09\/11TOLUCA-3-300x148.jpg 300w, https:\/\/elinformante.mx\/wp-content\/uploads\/2026\/09\/11TOLUCA-3-767x379.jpg 767w, https:\/\/elinformante.mx\/wp-content\/uploads\/2026\/09\/11TOLUCA-3.jpg 1140w\" sizes=\"(max-width: 1024px) 100vw, 1024px\" \/><\/figure>\n\n\n\n<p class=\"wp-block-paragraph\">Moreno Bastida envi\u00f3 un reconocimiento especial a la planta Bosch por su trayectoria en la ciudad y por contribuir a proyectar la capacidad t\u00e9cnica de las y los toluque\u00f1os hacia mercados internacionales. Asimismo, refrend\u00f3 el compromiso del gobierno municipal de mantener condiciones favorables para atraer y consolidar inversiones de largo plazo.<br><\/p>\n\n\n\n<p class=\"wp-block-paragraph\">En este sentido, el Ayuntamiento se\u00f1al\u00f3 que continuar\u00e1 como aliado y facilitador de una inversi\u00f3n responsable, orientada a la generaci\u00f3n de empleos de calidad, bienestar y mejores oportunidades para las familias.<br><\/p>\n\n\n\n<p class=\"wp-block-paragraph\">El acto cont\u00f3 con la participaci\u00f3n de la embajadora de Alemania en M\u00e9xico, Maria Margarete Gosse, integrantes de la directiva global de Bosch y la secretaria de Desarrollo Econ\u00f3mico del Estado de M\u00e9xico, Laura Teresa Gonz\u00e1lez Hern\u00e1ndez.<\/p>\n","protected":false},"excerpt":{"rendered":"<p>La presencia de la empresa durante seis d\u00e9cadas refrenda la confianza en el talento mexiquense y fortalece la proyecci\u00f3n industrial de la capital hacia mercados internacionales. El presidente municipal de Toluca, Ricardo Moreno Bastida, reconoci\u00f3 la importancia de la industria establecida en la capital mexiquense y destac\u00f3 los 60 a\u00f1os de presencia de la planta [&hellip;]<\/p>\n","protected":false},"author":1,"featured_media":112642,"comment_status":"closed","ping_status":"closed","sticky":false,"template":"","format":"standard","meta":{"footnotes":""},"categories":[30,36],"tags":[],"class_list":["post-112637","post","type-post","status-publish","format-standard","has-post-thumbnail","hentry","category-destacado","category-edomex"],"_links":{"self":[{"href":"https:\/\/elinformante.mx\/index.php?rest_route=\/wp\/v2\/posts\/112637","targetHints":{"allow":["GET"]}}],"collection":[{"href":"https:\/\/elinformante.mx\/index.php?rest_route=\/wp\/v2\/posts"}],"about":[{"href":"https:\/\/elinformante.mx\/index.php?rest_route=\/wp\/v2\/types\/post"}],"author":[{"embeddable":true,"href":"https:\/\/elinformante.mx\/index.php?rest_route=\/wp\/v2\/users\/1"}],"replies":[{"embeddable":true,"href":"https:\/\/elinformante.mx\/index.php?rest_route=%2Fwp%2Fv2%2Fcomments&post=112637"}],"version-history":[{"count":0,"href":"https:\/\/elinformante.mx\/index.php?rest_route=\/wp\/v2\/posts\/112637\/revisions"}],"wp:featuredmedia":[{"embeddable":true,"href":"https:\/\/elinformante.mx\/index.php?rest_route=\/wp\/v2\/media\/112642"}],"wp:attachment":[{"href":"https:\/\/elinformante.mx\/index.php?rest_route=%2Fwp%2Fv2%2Fmedia&parent=112637"}],"wp:term":[{"taxonomy":"category","embeddable":true,"href":"https:\/\/elinformante.mx\/index.php?rest_route=%2Fwp%2Fv2%2Fcategories&post=112637"},{"taxonomy":"post_tag","embeddable":true,"href":"https:\/\/elinformante.mx\/index.php?rest_route=%2Fwp%2Fv2%2Ftags&post=112637"}],"curies":[{"name":"wp","href":"https:\/\/api.w.org\/{rel}","templated":true}]}}