{"id":112641,"date":"2026-09-04T05:38:49","date_gmt":"2026-09-04T11:38:49","guid":{"rendered":"https:\/\/elinformante.mx\/?p=112641"},"modified":"2026-09-04T05:38:53","modified_gmt":"2026-09-04T11:38:53","slug":"difem-entrega-protesis-a-103-personas-con-discapacidad-y-fortalece-su-inclusion","status":"publish","type":"post","link":"https:\/\/elinformante.mx\/?p=112641","title":{"rendered":"DIFEM entrega pr\u00f3tesis a 103 personas con discapacidad y fortalece su inclusi\u00f3n"},"content":{"rendered":"\n<figure class=\"wp-block-pullquote\"><blockquote><p>Se destinaron m\u00e1s de 22 millones de pesos para beneficiar a mexiquenses de 37 municipios y favorecer su movilidad y autonom\u00eda.<\/p><\/blockquote><\/figure>\n\n\n\n<p class=\"has-drop-cap wp-block-paragraph\">Para contribuir a la movilidad, rehabilitaci\u00f3n y autonom\u00eda de personas que han perdido alguna extremidad, el Gobierno del Estado de M\u00e9xico, encabezado por la Gobernadora Delfina G\u00f3mez \u00c1lvarez, destin\u00f3 m\u00e1s de 22 millones de pesos para la entrega de ayudas t\u00e9cnicas ortoprot\u00e9sicas a 103 mexiquenses de 37 municipios.<br><\/p>\n\n\n\n<p class=\"wp-block-paragraph\">A trav\u00e9s del DIF Estado de M\u00e9xico (DIFEM) y en coordinaci\u00f3n con el Sistema Nacional DIF, las personas beneficiarias recibieron pr\u00f3tesis que les permitir\u00e1n fortalecer su participaci\u00f3n en actividades cotidianas, educativas, recreativas y productivas, adem\u00e1s de favorecer su calidad de vida y la de sus familias.<br><\/p>\n\n\n\n<p class=\"wp-block-paragraph\">Estas ayudas se entregan mediante el Programa de Atenci\u00f3n para el Bienestar de Grupos Prioritarios a personas que han perdido alguna extremidad por causas como c\u00e1ncer, diabetes mellitus, accidentes o condiciones de nacimiento.<br><\/p>\n\n\n\n<p class=\"wp-block-paragraph\">Previo a la entrega de la pr\u00f3tesis definitiva, las y los pacientes realizan un proceso de preparaci\u00f3n y rehabilitaci\u00f3n para fortalecer la zona donde ser\u00e1 colocado el dispositivo, con el prop\u00f3sito de favorecer su adaptaci\u00f3n y funcionamiento.<br><\/p>\n\n\n\n<p class=\"wp-block-paragraph\">Durante el evento, Jorge Juan Villa Mart\u00ednez, director de Atenci\u00f3n a Personas con Discapacidad del DIFEM, reconoci\u00f3 el impulso de la Gobernadora Delfina G\u00f3mez \u00c1lvarez y de la directora general del organismo, Karina Labastida Sotelo, para ampliar la atenci\u00f3n mediante ayudas t\u00e9cnicas y contribuir a eliminar barreras y estereotipos que generan exclusi\u00f3n.<br><\/p>\n\n\n\n<p class=\"wp-block-paragraph\">Tambi\u00e9n destac\u00f3 la participaci\u00f3n de los Sistemas Municipales DIF, encargados de identificar y canalizar a las personas que requieren este tipo de apoyos para fortalecer sus procesos de rehabilitaci\u00f3n y sus proyectos de vida.<br><\/p>\n\n\n\n<p class=\"wp-block-paragraph\">Las personas beneficiarias pertenecen a municipios de distintas regiones del Estado de M\u00e9xico, entre ellos Toluca, Atlacomulco, Jilotepec, Ixtlahuaca, Ecatepec, Tlalnepantla, Tultitl\u00e1n, Ixtapaluca, Nezahualc\u00f3yotl, Naucalpan, Huixquilucan y Valle de Chalco, entre otros.<\/p>\n","protected":false},"excerpt":{"rendered":"<p>Se destinaron m\u00e1s de 22 millones de pesos para beneficiar a mexiquenses de 37 municipios y favorecer su movilidad y autonom\u00eda. Para contribuir a la movilidad, rehabilitaci\u00f3n y autonom\u00eda de personas que han perdido alguna extremidad, el Gobierno del Estado de M\u00e9xico, encabezado por la Gobernadora Delfina G\u00f3mez \u00c1lvarez, destin\u00f3 m\u00e1s de 22 millones de [&hellip;]<\/p>\n","protected":false},"author":1,"featured_media":112646,"comment_status":"closed","ping_status":"closed","sticky":false,"template":"","format":"standard","meta":{"footnotes":""},"categories":[36],"tags":[],"class_list":["post-112641","post","type-post","status-publish","format-standard","has-post-thumbnail","hentry","category-edomex"],"_links":{"self":[{"href":"https:\/\/elinformante.mx\/index.php?rest_route=\/wp\/v2\/posts\/112641","targetHints":{"allow":["GET"]}}],"collection":[{"href":"https:\/\/elinformante.mx\/index.php?rest_route=\/wp\/v2\/posts"}],"about":[{"href":"https:\/\/elinformante.mx\/index.php?rest_route=\/wp\/v2\/types\/post"}],"author":[{"embeddable":true,"href":"https:\/\/elinformante.mx\/index.php?rest_route=\/wp\/v2\/users\/1"}],"replies":[{"embeddable":true,"href":"https:\/\/elinformante.mx\/index.php?rest_route=%2Fwp%2Fv2%2Fcomments&post=112641"}],"version-history":[{"count":0,"href":"https:\/\/elinformante.mx\/index.php?rest_route=\/wp\/v2\/posts\/112641\/revisions"}],"wp:featuredmedia":[{"embeddable":true,"href":"https:\/\/elinformante.mx\/index.php?rest_route=\/wp\/v2\/media\/112646"}],"wp:attachment":[{"href":"https:\/\/elinformante.mx\/index.php?rest_route=%2Fwp%2Fv2%2Fmedia&parent=112641"}],"wp:term":[{"taxonomy":"category","embeddable":true,"href":"https:\/\/elinformante.mx\/index.php?rest_route=%2Fwp%2Fv2%2Fcategories&post=112641"},{"taxonomy":"post_tag","embeddable":true,"href":"https:\/\/elinformante.mx\/index.php?rest_route=%2Fwp%2Fv2%2Ftags&post=112641"}],"curies":[{"name":"wp","href":"https:\/\/api.w.org\/{rel}","templated":true}]}}