{"id":112645,"date":"2026-09-04T05:40:33","date_gmt":"2026-09-04T11:40:33","guid":{"rendered":"https:\/\/elinformante.mx\/?p=112645"},"modified":"2026-09-04T05:40:38","modified_gmt":"2026-09-04T11:40:38","slug":"uaemex-fortalece-lazos-culturales-entre-mexico-y-rusia-a-traves-de-la-voz-y-el-canto","status":"publish","type":"post","link":"https:\/\/elinformante.mx\/?p=112645","title":{"rendered":"UAEM\u00e9x fortalece lazos culturales entre M\u00e9xico y Rusia a trav\u00e9s de la voz y el canto"},"content":{"rendered":"\n<figure class=\"wp-block-pullquote\"><blockquote><p>La 8.\u00aa Jornada Internacional de la Voz y Canto reuni\u00f3 a artistas, acad\u00e9micos y representantes diplom\u00e1ticos.<\/p><\/blockquote><\/figure>\n\n\n\n<p class=\"has-drop-cap wp-block-paragraph\">La m\u00fasica como expresi\u00f3n de memoria, resistencia y encuentro entre pueblos fue el eje de la 8\u00aa Jornada Internacional de la Voz y Canto 2026, organizada por la Escuela de Artes Esc\u00e9nicas (EAE) de la Universidad Aut\u00f3noma del Estado de M\u00e9xico (UAEM\u00e9x), en el marco del 85 aniversario de la Gran Guerra Patria y de cinco d\u00e9cadas de hermandad art\u00edstica entre M\u00e9xico y Rusia.<br><\/p>\n\n\n\n<p class=\"wp-block-paragraph\">La profesora y coordinadora de la Jornada, Olga Sotnikova, destac\u00f3 que este encuentro se ha consolidado como un espacio para la formaci\u00f3n art\u00edstica, la reflexi\u00f3n hist\u00f3rica y la convivencia, al combinar la ense\u00f1anza, la investigaci\u00f3n y la difusi\u00f3n cultural.<br><\/p>\n\n\n\n<p class=\"wp-block-paragraph\">Se\u00f1al\u00f3 que la voz humana, particularmente en contextos de conflicto, ha representado una herramienta de resistencia y cohesi\u00f3n social, por lo que el canto permite a las nuevas generaciones acercarse a la memoria de distintos pueblos y comprender el papel del arte como testimonio hist\u00f3rico.<br><\/p>\n\n\n\n<p class=\"wp-block-paragraph\">Durante la inauguraci\u00f3n, el c\u00f3nsul de la Federaci\u00f3n de Rusia en M\u00e9xico, Yakov Federov, resalt\u00f3 los v\u00ednculos hist\u00f3ricos y culturales entre ambas naciones y reconoci\u00f3 la importancia de impulsar iniciativas que fortalezcan el intercambio art\u00edstico y acad\u00e9mico.<br><\/p>\n\n\n\n<p class=\"wp-block-paragraph\">Como parte del programa, Federov present\u00f3 dos composiciones de su autor\u00eda: La voz de los campos rusos, inspirada en la memoria de un amigo de infancia que muri\u00f3 como soldado, y La vanguardia consular, basada en sus experiencias durante la pandemia. Las piezas fueron interpretadas por Marina Romanova, Horacio Rico, Jos\u00e9 Alfredo Zendejas, John Urness, Olga Sotnikova y Augusto Chauvet.<br><\/p>\n\n\n\n<p class=\"wp-block-paragraph\">El programa incluy\u00f3 tambi\u00e9n el taller \u201cFon\u00e9tica del idioma ruso aplicada a la m\u00fasica coral\u201d, el conversatorio \u201cVoz, narraci\u00f3n y construcci\u00f3n dramat\u00fargica\u201d, el concierto de gala La voz en tiempos: de la memoria a la trascendencia y una muestra gastron\u00f3mica rusa.<br><\/p>\n\n\n\n<p class=\"wp-block-paragraph\">Asimismo, el cronista de la EAE, Jes\u00fas T\u00e9llez Rojas, record\u00f3 que desde la d\u00e9cada de 1970 Toluca mantuvo un acercamiento con la cultura rusa a trav\u00e9s de la presencia de una delegaci\u00f3n de su embajada, v\u00ednculo que contin\u00faa vigente mediante nuevas expresiones culturales.<\/p>\n","protected":false},"excerpt":{"rendered":"<p>La 8.\u00aa Jornada Internacional de la Voz y Canto reuni\u00f3 a artistas, acad\u00e9micos y representantes diplom\u00e1ticos. La m\u00fasica como expresi\u00f3n de memoria, resistencia y encuentro entre pueblos fue el eje de la 8\u00aa Jornada Internacional de la Voz y Canto 2026, organizada por la Escuela de Artes Esc\u00e9nicas (EAE) de la Universidad Aut\u00f3noma del Estado [&hellip;]<\/p>\n","protected":false},"author":1,"featured_media":112649,"comment_status":"closed","ping_status":"closed","sticky":false,"template":"","format":"standard","meta":{"footnotes":""},"categories":[30,36],"tags":[],"class_list":["post-112645","post","type-post","status-publish","format-standard","has-post-thumbnail","hentry","category-destacado","category-edomex"],"_links":{"self":[{"href":"https:\/\/elinformante.mx\/index.php?rest_route=\/wp\/v2\/posts\/112645","targetHints":{"allow":["GET"]}}],"collection":[{"href":"https:\/\/elinformante.mx\/index.php?rest_route=\/wp\/v2\/posts"}],"about":[{"href":"https:\/\/elinformante.mx\/index.php?rest_route=\/wp\/v2\/types\/post"}],"author":[{"embeddable":true,"href":"https:\/\/elinformante.mx\/index.php?rest_route=\/wp\/v2\/users\/1"}],"replies":[{"embeddable":true,"href":"https:\/\/elinformante.mx\/index.php?rest_route=%2Fwp%2Fv2%2Fcomments&post=112645"}],"version-history":[{"count":0,"href":"https:\/\/elinformante.mx\/index.php?rest_route=\/wp\/v2\/posts\/112645\/revisions"}],"wp:featuredmedia":[{"embeddable":true,"href":"https:\/\/elinformante.mx\/index.php?rest_route=\/wp\/v2\/media\/112649"}],"wp:attachment":[{"href":"https:\/\/elinformante.mx\/index.php?rest_route=%2Fwp%2Fv2%2Fmedia&parent=112645"}],"wp:term":[{"taxonomy":"category","embeddable":true,"href":"https:\/\/elinformante.mx\/index.php?rest_route=%2Fwp%2Fv2%2Fcategories&post=112645"},{"taxonomy":"post_tag","embeddable":true,"href":"https:\/\/elinformante.mx\/index.php?rest_route=%2Fwp%2Fv2%2Ftags&post=112645"}],"curies":[{"name":"wp","href":"https:\/\/api.w.org\/{rel}","templated":true}]}}