{"id":112657,"date":"2026-09-04T05:49:45","date_gmt":"2026-09-04T11:49:45","guid":{"rendered":"https:\/\/elinformante.mx\/?p=112657"},"modified":"2026-09-04T05:50:03","modified_gmt":"2026-09-04T11:50:03","slug":"pjedomex-mantiene-su-transformacion-con-justicia-mas-cercana-y-resultados-hector-macedo","status":"publish","type":"post","link":"https:\/\/elinformante.mx\/?p=112657","title":{"rendered":"PJEdom\u00e9x mantiene su transformaci\u00f3n con justicia m\u00e1s cercana y resultados: H\u00e9ctor Macedo"},"content":{"rendered":"\n<figure class=\"wp-block-pullquote\"><blockquote><p>En su primer informe de labores, reconoci\u00f3 avances en atenci\u00f3n ciudadana, tecnolog\u00eda y justicia, pero advirti\u00f3 retos en rezago, personal e infraestructura.<\/p><\/blockquote><\/figure>\n\n\n\n<p class=\"has-drop-cap wp-block-paragraph\">El presidente del Poder Judicial del Estado de M\u00e9xico, H\u00e9ctor Macedo Garc\u00eda, present\u00f3 su Primer Informe de Actividades 2025-2026, en el que destac\u00f3 las acciones emprendidas para atender la creciente demanda de justicia, mejorar los servicios y acercar las instituciones a la poblaci\u00f3n.<br><\/p>\n\n\n\n<p class=\"wp-block-paragraph\">Durante la presentaci\u00f3n de su Primer Informe de Labores 2025-2026, ante la gobernadora Delfina G\u00f3mez \u00c1lvarez, Macedo Garc\u00eda destac\u00f3 que la instituci\u00f3n mantiene finanzas sanas y ha destinado recursos a infraestructura, capacitaci\u00f3n y nuevas herramientas tecnol\u00f3gicas, aunque reconoci\u00f3 que persisten desaf\u00edos como el rezago, la falta de personal, la insuficiencia de instalaciones y los tiempos de resoluci\u00f3n.<br><\/p>\n\n\n\n<p class=\"wp-block-paragraph\">Uno de los principales ejes de la administraci\u00f3n ha sido replantear la atenci\u00f3n a la ciudadan\u00eda mediante programas como Audiencias Ciudadanas e Institucionales, CONTIGO y Justicia Casa por Casa, considerado el programa insignia de la actual administraci\u00f3n.<br><\/p>\n\n\n\n<p class=\"wp-block-paragraph\">Se\u00f1al\u00f3 que durante el periodo se iniciaron 289 mil 421 asuntos, equivalentes a m\u00e1s de mil 100 casos diarios, mientras que fueron concluidos 187 mil 220 expedientes y se emitieron 222 mil 328 resoluciones. Los asuntos familiares representaron el 47 por ciento de los nuevos casos, con 137 mil 733.<br><\/p>\n\n\n\n<figure class=\"wp-block-image size-large\"><img fetchpriority=\"high\" decoding=\"async\" width=\"1024\" height=\"506\" src=\"https:\/\/elinformante.mx\/wp-content\/uploads\/2026\/09\/8PJEDOMEX-2-1024x506.jpg\" alt=\"\" class=\"wp-image-112663\" srcset=\"https:\/\/elinformante.mx\/wp-content\/uploads\/2026\/09\/8PJEDOMEX-2-1024x506.jpg 1024w, https:\/\/elinformante.mx\/wp-content\/uploads\/2026\/09\/8PJEDOMEX-2-300x148.jpg 300w, https:\/\/elinformante.mx\/wp-content\/uploads\/2026\/09\/8PJEDOMEX-2-767x379.jpg 767w, https:\/\/elinformante.mx\/wp-content\/uploads\/2026\/09\/8PJEDOMEX-2.jpg 1140w\" sizes=\"(max-width: 1024px) 100vw, 1024px\" \/><\/figure>\n\n\n\n<p class=\"wp-block-paragraph\">Para fortalecer la atenci\u00f3n, las Brigadas de Apoyo Jurisdiccional incrementaron 35% los expedientes concluidos, 34 por ciento las sentencias definitivas y 50 por ciento las notificaciones en cinco juzgados familiares. En segunda instancia se registraron 18 mil 939 asuntos y una tasa de resoluci\u00f3n del 96 por ciento.<br><\/p>\n\n\n\n<p class=\"wp-block-paragraph\">El Poder Judicial tambi\u00e9n impuls\u00f3 el programa Justicia Casa por Casa, mediante el cual se visitaron cerca de 4 mil viviendas en Cuautitl\u00e1n Izcalli y Naucalpan, adem\u00e1s de acciones de consulta ciudadana para integrar su Plan de Desarrollo, con la participaci\u00f3n de m\u00e1s de 3 mil personas.<br><\/p>\n\n\n\n<p class=\"wp-block-paragraph\">En materia de justicia para grupos vulnerables, se fortaleci\u00f3 el Juzgado LIBRE para mujeres v\u00edctimas de violencia y el Juzgado en L\u00ednea especializado en violencia familiar y protecci\u00f3n de ni\u00f1as, ni\u00f1os y adolescentes, que emiti\u00f3 4 mil 543 medidas de protecci\u00f3n.<br><\/p>\n\n\n\n<p class=\"wp-block-paragraph\">La modernizaci\u00f3n tecnol\u00f3gica fue otro de los ejes centrales. El Tribunal Electr\u00f3nico supera los 170 mil usuarios externos y opera las 24 horas, mientras que herramientas como el Int\u00e9rprete de Sentencias y JustiBot buscan agilizar y facilitar el acceso a la justicia.<br><\/p>\n\n\n\n<p class=\"wp-block-paragraph\">En mecanismos alternativos de soluci\u00f3n de controversias se atendieron 21 mil 903 procesos, con 10 mil 56 acuerdos, mientras que los centros de convivencia familiar registraron m\u00e1s de 46 mil atenciones a ni\u00f1as, ni\u00f1os y adolescentes.<br><\/p>\n\n\n\n<figure class=\"wp-block-image size-large\"><img decoding=\"async\" width=\"1024\" height=\"506\" src=\"https:\/\/elinformante.mx\/wp-content\/uploads\/2026\/09\/8PJEDOMEX-1024x506.jpg\" alt=\"\" class=\"wp-image-112664\" srcset=\"https:\/\/elinformante.mx\/wp-content\/uploads\/2026\/09\/8PJEDOMEX-1024x506.jpg 1024w, https:\/\/elinformante.mx\/wp-content\/uploads\/2026\/09\/8PJEDOMEX-300x148.jpg 300w, https:\/\/elinformante.mx\/wp-content\/uploads\/2026\/09\/8PJEDOMEX-767x379.jpg 767w, https:\/\/elinformante.mx\/wp-content\/uploads\/2026\/09\/8PJEDOMEX.jpg 1140w\" sizes=\"(max-width: 1024px) 100vw, 1024px\" \/><\/figure>\n\n\n\n<p class=\"wp-block-paragraph\">Durante el informe tambi\u00e9n se destac\u00f3 la incorporaci\u00f3n formal del Poder Judicial a la\u00a0Mesa de Paz, donde particip\u00f3 en 50 reuniones estatales, regionales y municipales para fortalecer la coordinaci\u00f3n interinstitucional y atender problem\u00e1ticas como la violencia familiar.<br><\/p>\n\n\n\n<p class=\"wp-block-paragraph\">Macedo Garc\u00eda reconoci\u00f3 que persisten retos como el rezago, la falta de personal, la necesidad de mejorar instalaciones y fortalecer las condiciones laborales, por lo que llam\u00f3 a mantener el proceso de transformaci\u00f3n institucional.<br><\/p>\n\n\n\n<p class=\"wp-block-paragraph\">Sostuvo que el Poder Judicial debe continuar avanzando hacia una justicia m\u00e1s accesible, humana y eficiente, sin dejar de atender los retos estructurales que enfrenta la instituci\u00f3n.<br><\/p>\n\n\n\n<p class=\"wp-block-paragraph\">La gobernadora Delfina G\u00f3mez \u00c1lvarez reconoci\u00f3 el trabajo realizado y manifest\u00f3 su disposici\u00f3n para impulsar, dentro de las posibilidades presupuestales y respetando la autonom\u00eda judicial, mejores condiciones para el Poder Judicial mexiquense.<\/p>\n","protected":false},"excerpt":{"rendered":"<p>En su primer informe de labores, reconoci\u00f3 avances en atenci\u00f3n ciudadana, tecnolog\u00eda y justicia, pero advirti\u00f3 retos en rezago, personal e infraestructura. El presidente del Poder Judicial del Estado de M\u00e9xico, H\u00e9ctor Macedo Garc\u00eda, present\u00f3 su Primer Informe de Actividades 2025-2026, en el que destac\u00f3 las acciones emprendidas para atender la creciente demanda de justicia, [&hellip;]<\/p>\n","protected":false},"author":1,"featured_media":112662,"comment_status":"closed","ping_status":"closed","sticky":false,"template":"","format":"standard","meta":{"footnotes":""},"categories":[30,36,31],"tags":[46],"class_list":["post-112657","post","type-post","status-publish","format-standard","has-post-thumbnail","hentry","category-destacado","category-edomex","category-portada","tag-portadaedomex"],"_links":{"self":[{"href":"https:\/\/elinformante.mx\/index.php?rest_route=\/wp\/v2\/posts\/112657","targetHints":{"allow":["GET"]}}],"collection":[{"href":"https:\/\/elinformante.mx\/index.php?rest_route=\/wp\/v2\/posts"}],"about":[{"href":"https:\/\/elinformante.mx\/index.php?rest_route=\/wp\/v2\/types\/post"}],"author":[{"embeddable":true,"href":"https:\/\/elinformante.mx\/index.php?rest_route=\/wp\/v2\/users\/1"}],"replies":[{"embeddable":true,"href":"https:\/\/elinformante.mx\/index.php?rest_route=%2Fwp%2Fv2%2Fcomments&post=112657"}],"version-history":[{"count":112665,"href":"https:\/\/elinformante.mx\/index.php?rest_route=\/wp\/v2\/posts\/112657\/revisions"}],"predecessor-version":[{"id":112665,"href":"https:\/\/elinformante.mx\/index.php?rest_route=\/wp\/v2\/posts\/112657\/revisions\/112665"}],"wp:featuredmedia":[{"embeddable":true,"href":"https:\/\/elinformante.mx\/index.php?rest_route=\/wp\/v2\/media\/112662"}],"wp:attachment":[{"href":"https:\/\/elinformante.mx\/index.php?rest_route=%2Fwp%2Fv2%2Fmedia&parent=112657"}],"wp:term":[{"taxonomy":"category","embeddable":true,"href":"https:\/\/elinformante.mx\/index.php?rest_route=%2Fwp%2Fv2%2Fcategories&post=112657"},{"taxonomy":"post_tag","embeddable":true,"href":"https:\/\/elinformante.mx\/index.php?rest_route=%2Fwp%2Fv2%2Ftags&post=112657"}],"curies":[{"name":"wp","href":"https:\/\/api.w.org\/{rel}","templated":true}]}}