{"id":112681,"date":"2026-09-04T06:06:07","date_gmt":"2026-09-04T12:06:07","guid":{"rendered":"https:\/\/elinformante.mx\/?p=112681"},"modified":"2026-09-04T06:06:24","modified_gmt":"2026-09-04T12:06:24","slug":"proteccion-civil-refuerza-vigilancia-en-los-cabos-por-lluvias-intensas-causadas-por-el-huracan-marie","status":"publish","type":"post","link":"https:\/\/elinformante.mx\/?p=112681","title":{"rendered":"Protecci\u00f3n Civil refuerza vigilancia en Los Cabos por lluvias intensas causadas por el hurac\u00e1n \u201cMarie\u201d"},"content":{"rendered":"\n<figure class=\"wp-block-pullquote\"><blockquote><p>Las precipitaciones provocaron crecida de arroyos, deslaves, cortes de energ\u00eda y afectaciones viales.<\/p><\/blockquote><\/figure>\n\n\n\n<p class=\"has-drop-cap wp-block-paragraph\">Los efectos del hurac\u00e1n \u201cMarie\u201d, categor\u00eda 1, provocaron durante la madrugada de este jueves lluvias intensas y tormentas el\u00e9ctricas en Los Cabos, Baja California Sur, con crecida de arroyos, deslaves, acumulaci\u00f3n de agua y afectaciones en algunas vialidades.<br><\/p>\n\n\n\n<p class=\"wp-block-paragraph\">El director municipal de Protecci\u00f3n Civil, Francisco Cota M\u00e1rquez, inform\u00f3 que alrededor de las 3:20 horas se registr\u00f3 una tormenta que durante aproximadamente 40 minutos gener\u00f3 precipitaciones en pr\u00e1cticamente todo el municipio, principalmente en Cabo San Lucas y San Jos\u00e9 del Cabo.<br><\/p>\n\n\n\n<p class=\"wp-block-paragraph\">Tras las lluvias, personal de Protecci\u00f3n Civil realiz\u00f3 recorridos por arroyos, vados, cerros, laderas y el corredor tur\u00edstico hasta Santa Anita, donde se detectaron escurrimientos, deslaves y corrientes importantes de agua. Hasta el momento no se reportan personas fallecidas ni afectaciones graves a la poblaci\u00f3n.<br><\/p>\n\n\n\n<p class=\"wp-block-paragraph\">Una familia de Santa Anita tuvo que trasladarse con familiares luego de que los fuertes vientos desprendieran el techo de su vivienda. En tanto, comunidades como Miraflores, Santiago y La Ribera registraron incomunicaci\u00f3n temporal en algunos puntos debido a las corrientes de agua, aunque el reporte preliminar se\u00f1ala principalmente da\u00f1os en vialidades.<br><\/p>\n\n\n\n<figure class=\"wp-block-image size-large\"><img fetchpriority=\"high\" decoding=\"async\" width=\"1024\" height=\"506\" src=\"https:\/\/elinformante.mx\/wp-content\/uploads\/2026\/09\/4BAJA-1024x506.jpg\" alt=\"\" class=\"wp-image-112686\" srcset=\"https:\/\/elinformante.mx\/wp-content\/uploads\/2026\/09\/4BAJA-1024x506.jpg 1024w, https:\/\/elinformante.mx\/wp-content\/uploads\/2026\/09\/4BAJA-300x148.jpg 300w, https:\/\/elinformante.mx\/wp-content\/uploads\/2026\/09\/4BAJA-767x379.jpg 767w, https:\/\/elinformante.mx\/wp-content\/uploads\/2026\/09\/4BAJA.jpg 1140w\" sizes=\"(max-width: 1024px) 100vw, 1024px\" \/><\/figure>\n\n\n\n<p class=\"wp-block-paragraph\">Como medida preventiva, se solicit\u00f3 la suspensi\u00f3n de clases en todo el municipio de Los Cabos. Adem\u00e1s, los puertos permanecen cerrados para embarcaciones menores y se restringi\u00f3 el acceso a las playas debido al elevado oleaje y la marejada cicl\u00f3nica.<br><\/p>\n\n\n\n<p class=\"wp-block-paragraph\">Las autoridades mantienen operativos para evitar que la poblaci\u00f3n ingrese al mar y suspendieron temporalmente la venta de alimentos en v\u00eda p\u00fablica ante posibles riesgos sanitarios derivados de escurrimientos y derrames de aguas residuales.<br><\/p>\n\n\n\n<p class=\"wp-block-paragraph\">El pron\u00f3stico mantiene la posibilidad de lluvias intensas durante las pr\u00f3ximas horas, por lo que Protecci\u00f3n Civil continuar\u00e1 con recorridos y vigilancia en zonas de riesgo. El SMN tambi\u00e9n prev\u00e9 lluvias fuertes en La Paz, mientras que autoridades de Loreto, Comond\u00fa y Muleg\u00e9 permanecen en alerta.<br><\/p>\n\n\n\n<p class=\"wp-block-paragraph\">La Tercera Zona Militar mantiene desplegados a m\u00e1s de mil elementos en los cinco municipios del estado, con la activaci\u00f3n del Plan DN-III-E para apoyar a la poblaci\u00f3n y vigilar especialmente la crecida de arroyos y las condiciones de tr\u00e1nsito.<\/p>\n","protected":false},"excerpt":{"rendered":"<p>Las precipitaciones provocaron crecida de arroyos, deslaves, cortes de energ\u00eda y afectaciones viales. Los efectos del hurac\u00e1n \u201cMarie\u201d, categor\u00eda 1, provocaron durante la madrugada de este jueves lluvias intensas y tormentas el\u00e9ctricas en Los Cabos, Baja California Sur, con crecida de arroyos, deslaves, acumulaci\u00f3n de agua y afectaciones en algunas vialidades. El director municipal de [&hellip;]<\/p>\n","protected":false},"author":1,"featured_media":112685,"comment_status":"closed","ping_status":"closed","sticky":false,"template":"","format":"standard","meta":{"footnotes":""},"categories":[30,34],"tags":[],"class_list":["post-112681","post","type-post","status-publish","format-standard","has-post-thumbnail","hentry","category-destacado","category-nacional"],"_links":{"self":[{"href":"https:\/\/elinformante.mx\/index.php?rest_route=\/wp\/v2\/posts\/112681","targetHints":{"allow":["GET"]}}],"collection":[{"href":"https:\/\/elinformante.mx\/index.php?rest_route=\/wp\/v2\/posts"}],"about":[{"href":"https:\/\/elinformante.mx\/index.php?rest_route=\/wp\/v2\/types\/post"}],"author":[{"embeddable":true,"href":"https:\/\/elinformante.mx\/index.php?rest_route=\/wp\/v2\/users\/1"}],"replies":[{"embeddable":true,"href":"https:\/\/elinformante.mx\/index.php?rest_route=%2Fwp%2Fv2%2Fcomments&post=112681"}],"version-history":[{"count":112687,"href":"https:\/\/elinformante.mx\/index.php?rest_route=\/wp\/v2\/posts\/112681\/revisions"}],"predecessor-version":[{"id":112687,"href":"https:\/\/elinformante.mx\/index.php?rest_route=\/wp\/v2\/posts\/112681\/revisions\/112687"}],"wp:featuredmedia":[{"embeddable":true,"href":"https:\/\/elinformante.mx\/index.php?rest_route=\/wp\/v2\/media\/112685"}],"wp:attachment":[{"href":"https:\/\/elinformante.mx\/index.php?rest_route=%2Fwp%2Fv2%2Fmedia&parent=112681"}],"wp:term":[{"taxonomy":"category","embeddable":true,"href":"https:\/\/elinformante.mx\/index.php?rest_route=%2Fwp%2Fv2%2Fcategories&post=112681"},{"taxonomy":"post_tag","embeddable":true,"href":"https:\/\/elinformante.mx\/index.php?rest_route=%2Fwp%2Fv2%2Ftags&post=112681"}],"curies":[{"name":"wp","href":"https:\/\/api.w.org\/{rel}","templated":true}]}}