{"id":112684,"date":"2026-09-04T06:07:38","date_gmt":"2026-09-04T12:07:38","guid":{"rendered":"https:\/\/elinformante.mx\/?p=112684"},"modified":"2026-09-04T06:07:43","modified_gmt":"2026-09-04T12:07:43","slug":"laura-itzel-castillo-asume-la-secretaria-de-las-mujeres-refrenda-compromiso-con-una-vida-libre-de-violencias","status":"publish","type":"post","link":"https:\/\/elinformante.mx\/?p=112684","title":{"rendered":"Laura Itzel Castillo asume la Secretar\u00eda de las Mujeres; refrenda compromiso con una vida libre de violencias"},"content":{"rendered":"\n<figure class=\"wp-block-pullquote\"><blockquote><p>La nueva titular anunci\u00f3 que dar\u00e1 continuidad y profundizar\u00e1 las pol\u00edticas de bienestar e igualdad sustantiva.<\/p><\/blockquote><\/figure>\n\n\n\n<p class=\"has-drop-cap wp-block-paragraph\">Laura Itzel Castillo Ju\u00e1rez asumi\u00f3 este jueves la titularidad de la Secretar\u00eda de las Mujeres, luego de ser designada por la presidenta Claudia Sheinbaum Pardo, con el compromiso de fortalecer las pol\u00edticas p\u00fablicas encaminadas a garantizar la igualdad sustantiva y el derecho de todas las mexicanas a una vida libre de violencias.<br><\/p>\n\n\n\n<p class=\"wp-block-paragraph\">Durante el inicio de su gesti\u00f3n, Castillo Ju\u00e1rez reconoci\u00f3 el trabajo del personal de la dependencia y destac\u00f3 los avances alcanzados mediante programas como el Programa de Atenci\u00f3n Integral para el Bienestar de las Mujeres (PAIBIM), las Tejedoras de la Patria y los Centros LIBRE, adem\u00e1s de la articulaci\u00f3n de la Pol\u00edtica Nacional de Cuidados.<br><\/p>\n\n\n\n<p class=\"wp-block-paragraph\">\u201cMi convicci\u00f3n feminista forma parte de una lucha social amplia por la igualdad y la justicia\u201d, afirm\u00f3 la nueva secretaria, al se\u00f1alar que su trayectoria ha estado vinculada con la defensa de los derechos de las mujeres y la construcci\u00f3n de mejores condiciones para su participaci\u00f3n en la vida p\u00fablica.<br><\/p>\n\n\n\n<p class=\"wp-block-paragraph\">Castillo Ju\u00e1rez cuenta con una trayectoria de aproximadamente cuatro d\u00e9cadas en la lucha por los derechos de las mujeres. Entre sus antecedentes destaca su participaci\u00f3n en la promoci\u00f3n de cuotas de g\u00e9nero, iniciativas para incorporar lenguaje incluyente en la Constituci\u00f3n, el impulso a la tipificaci\u00f3n del feminicidio y la creaci\u00f3n de mecanismos legislativos para atender la violencia contra las mujeres.<br><\/p>\n\n\n\n<p class=\"wp-block-paragraph\">Tambi\u00e9n promovi\u00f3 acciones para fortalecer la seguridad de las usuarias del transporte p\u00fablico y, durante su etapa como presidenta de la Mesa Directiva del Senado de la Rep\u00fablica, entre 2025 y 2026, impuls\u00f3 una agenda enfocada en el reconocimiento de los derechos de las mujeres, la igualdad sustantiva y la participaci\u00f3n de mujeres ind\u00edgenas en la vida legislativa.<br><\/p>\n\n\n\n<p class=\"wp-block-paragraph\">La nueva titular de la Secretar\u00eda de las Mujeres subray\u00f3 que los programas y pol\u00edticas construidos en los \u00faltimos a\u00f1os representan una labor fundamental que deber\u00e1 continuar y fortalecerse desde el territorio.<\/p>\n","protected":false},"excerpt":{"rendered":"<p>La nueva titular anunci\u00f3 que dar\u00e1 continuidad y profundizar\u00e1 las pol\u00edticas de bienestar e igualdad sustantiva. Laura Itzel Castillo Ju\u00e1rez asumi\u00f3 este jueves la titularidad de la Secretar\u00eda de las Mujeres, luego de ser designada por la presidenta Claudia Sheinbaum Pardo, con el compromiso de fortalecer las pol\u00edticas p\u00fablicas encaminadas a garantizar la igualdad sustantiva [&hellip;]<\/p>\n","protected":false},"author":1,"featured_media":112689,"comment_status":"closed","ping_status":"closed","sticky":false,"template":"","format":"standard","meta":{"footnotes":""},"categories":[34],"tags":[],"class_list":["post-112684","post","type-post","status-publish","format-standard","has-post-thumbnail","hentry","category-nacional"],"_links":{"self":[{"href":"https:\/\/elinformante.mx\/index.php?rest_route=\/wp\/v2\/posts\/112684","targetHints":{"allow":["GET"]}}],"collection":[{"href":"https:\/\/elinformante.mx\/index.php?rest_route=\/wp\/v2\/posts"}],"about":[{"href":"https:\/\/elinformante.mx\/index.php?rest_route=\/wp\/v2\/types\/post"}],"author":[{"embeddable":true,"href":"https:\/\/elinformante.mx\/index.php?rest_route=\/wp\/v2\/users\/1"}],"replies":[{"embeddable":true,"href":"https:\/\/elinformante.mx\/index.php?rest_route=%2Fwp%2Fv2%2Fcomments&post=112684"}],"version-history":[{"count":112690,"href":"https:\/\/elinformante.mx\/index.php?rest_route=\/wp\/v2\/posts\/112684\/revisions"}],"predecessor-version":[{"id":112690,"href":"https:\/\/elinformante.mx\/index.php?rest_route=\/wp\/v2\/posts\/112684\/revisions\/112690"}],"wp:featuredmedia":[{"embeddable":true,"href":"https:\/\/elinformante.mx\/index.php?rest_route=\/wp\/v2\/media\/112689"}],"wp:attachment":[{"href":"https:\/\/elinformante.mx\/index.php?rest_route=%2Fwp%2Fv2%2Fmedia&parent=112684"}],"wp:term":[{"taxonomy":"category","embeddable":true,"href":"https:\/\/elinformante.mx\/index.php?rest_route=%2Fwp%2Fv2%2Fcategories&post=112684"},{"taxonomy":"post_tag","embeddable":true,"href":"https:\/\/elinformante.mx\/index.php?rest_route=%2Fwp%2Fv2%2Ftags&post=112684"}],"curies":[{"name":"wp","href":"https:\/\/api.w.org\/{rel}","templated":true}]}}