{"id":112688,"date":"2026-09-04T06:09:55","date_gmt":"2026-09-04T12:09:55","guid":{"rendered":"https:\/\/elinformante.mx\/?p=112688"},"modified":"2026-09-04T06:10:01","modified_gmt":"2026-09-04T12:10:01","slug":"garcia-harfuch-y-rosa-icela-fortalecen-estrategia-nacional-para-la-busqueda-inmediata-de-personas-desaparecidas","status":"publish","type":"post","link":"https:\/\/elinformante.mx\/?p=112688","title":{"rendered":"Garc\u00eda Harfuch y Rosa Icela fortalecen estrategia nacional para la b\u00fasqueda inmediata de personas desaparecidas"},"content":{"rendered":"\n<figure class=\"wp-block-pullquote\"><blockquote><p>La Alerta Nacional de B\u00fasqueda Inmediata permite activar de manera coordinada a autoridades federales y estatales.<\/p><\/blockquote><\/figure>\n\n\n\n<p class=\"has-drop-cap wp-block-paragraph\">El Gobierno de M\u00e9xico reforz\u00f3 la estrategia para atender los reportes de personas desaparecidas mediante la Alerta Nacional de B\u00fasqueda Inmediata (ANBI), mecanismo que permite movilizar de manera inmediata a instituciones federales y autoridades de las 32 entidades del pa\u00eds.<br><\/p>\n\n\n\n<p class=\"wp-block-paragraph\">El secretario de Seguridad y Protecci\u00f3n Ciudadana, Omar Garc\u00eda Harfuch, y la secretaria de Gobernaci\u00f3n, Rosa Icela Rodr\u00edguez, realizaron un recorrido por el Puesto de Mando de la ANBI, desde donde se coordinan las acciones de localizaci\u00f3n.<br><\/p>\n\n\n\n<p class=\"wp-block-paragraph\">Harfuch destac\u00f3 que 50% de los reportes activados mediante este mecanismo se resuelven con la localizaci\u00f3n de las personas durante las primeras 24 horas, como resultado de la respuesta coordinada entre las distintas instituciones de seguridad y b\u00fasqueda.<br><\/p>\n\n\n\n<p class=\"wp-block-paragraph\">Rosa Icela Rodr\u00edguez se\u00f1al\u00f3 que en este Centro de Mando trabajan de manera permanente la Secretar\u00eda de Seguridad y Protecci\u00f3n Ciudadana, la Secretar\u00eda de Gobernaci\u00f3n, la Comisi\u00f3n Nacional de B\u00fasqueda, la Guardia Nacional y la Fiscal\u00eda General de la Rep\u00fablica, con atenci\u00f3n las 24 horas del d\u00eda, los siete d\u00edas de la semana.<br><\/p>\n\n\n\n<p class=\"wp-block-paragraph\">El subsecretario de Derechos Humanos, Poblaci\u00f3n y Migraci\u00f3n de Gobernaci\u00f3n, F\u00e9lix Arturo Medina Padilla, present\u00f3 adem\u00e1s 10 acciones encaminadas a fortalecer y acelerar la b\u00fasqueda de personas desaparecidas.<br><\/p>\n\n\n\n<figure class=\"wp-block-image size-large\"><img fetchpriority=\"high\" decoding=\"async\" width=\"1024\" height=\"506\" src=\"https:\/\/elinformante.mx\/wp-content\/uploads\/2026\/09\/3GARCIA-1024x506.jpg\" alt=\"\" class=\"wp-image-112693\" srcset=\"https:\/\/elinformante.mx\/wp-content\/uploads\/2026\/09\/3GARCIA-1024x506.jpg 1024w, https:\/\/elinformante.mx\/wp-content\/uploads\/2026\/09\/3GARCIA-300x148.jpg 300w, https:\/\/elinformante.mx\/wp-content\/uploads\/2026\/09\/3GARCIA-767x379.jpg 767w, https:\/\/elinformante.mx\/wp-content\/uploads\/2026\/09\/3GARCIA.jpg 1140w\" sizes=\"(max-width: 1024px) 100vw, 1024px\" \/><\/figure>\n\n\n\n<p class=\"wp-block-paragraph\">Como parte de los avances reportados, inform\u00f3 que durante los \u00faltimos dos meses se concretaron 3 1039 localizaciones, mientras que a trav\u00e9s de la Alerta Nacional de B\u00fasqueda Inmediata fueron localizadas 2572 personas, en su mayor\u00eda dentro de las primeras 48 horas posteriores al reporte.<br><\/p>\n\n\n\n<p class=\"wp-block-paragraph\">Entre las nuevas medidas se contempla una revisi\u00f3n integral del Registro Nacional de Personas Desaparecidas y No Localizadas (RNPDNO), con el objetivo de garantizar que los reportes cuenten con informaci\u00f3n completa y \u00fatil para las labores de b\u00fasqueda.<br><\/p>\n\n\n\n<p class=\"wp-block-paragraph\">Para este proceso se prev\u00e9 la participaci\u00f3n de 10 especialistas nacionales y extranjeros en \u00e1reas como an\u00e1lisis de datos, estad\u00edstica, matem\u00e1ticas, inteligencia artificial, programaci\u00f3n y aspectos jur\u00eddicos, quienes contribuir\u00e1n a identificar posibles vac\u00edos de informaci\u00f3n y mejorar el cruce de datos.<br><\/p>\n\n\n\n<p class=\"wp-block-paragraph\">Las acciones del Gobierno Federal se presentan en un contexto de exigencia por parte de familiares y colectivos de personas desaparecidas. El pasado 30 de agosto, organizaciones y familiares marcharon en la Ciudad de M\u00e9xico con motivo del D\u00eda Internacional de las V\u00edctimas de Desapariciones Forzadas, para demandar mayores resultados en las labores de b\u00fasqueda.<br><\/p>\n\n\n\n<p class=\"wp-block-paragraph\">Durante esa jornada fueron colocadas alrededor de 2500 fichas de b\u00fasqueda en las vallas de la Glorieta de las y los Desaparecidos, como una expresi\u00f3n p\u00fablica de la dimensi\u00f3n de la problem\u00e1tica que enfrenta el pa\u00eds.<\/p>\n","protected":false},"excerpt":{"rendered":"<p>La Alerta Nacional de B\u00fasqueda Inmediata permite activar de manera coordinada a autoridades federales y estatales. El Gobierno de M\u00e9xico reforz\u00f3 la estrategia para atender los reportes de personas desaparecidas mediante la Alerta Nacional de B\u00fasqueda Inmediata (ANBI), mecanismo que permite movilizar de manera inmediata a instituciones federales y autoridades de las 32 entidades del [&hellip;]<\/p>\n","protected":false},"author":1,"featured_media":112692,"comment_status":"closed","ping_status":"closed","sticky":false,"template":"","format":"standard","meta":{"footnotes":""},"categories":[30,34],"tags":[],"class_list":["post-112688","post","type-post","status-publish","format-standard","has-post-thumbnail","hentry","category-destacado","category-nacional"],"_links":{"self":[{"href":"https:\/\/elinformante.mx\/index.php?rest_route=\/wp\/v2\/posts\/112688","targetHints":{"allow":["GET"]}}],"collection":[{"href":"https:\/\/elinformante.mx\/index.php?rest_route=\/wp\/v2\/posts"}],"about":[{"href":"https:\/\/elinformante.mx\/index.php?rest_route=\/wp\/v2\/types\/post"}],"author":[{"embeddable":true,"href":"https:\/\/elinformante.mx\/index.php?rest_route=\/wp\/v2\/users\/1"}],"replies":[{"embeddable":true,"href":"https:\/\/elinformante.mx\/index.php?rest_route=%2Fwp%2Fv2%2Fcomments&post=112688"}],"version-history":[{"count":112694,"href":"https:\/\/elinformante.mx\/index.php?rest_route=\/wp\/v2\/posts\/112688\/revisions"}],"predecessor-version":[{"id":112694,"href":"https:\/\/elinformante.mx\/index.php?rest_route=\/wp\/v2\/posts\/112688\/revisions\/112694"}],"wp:featuredmedia":[{"embeddable":true,"href":"https:\/\/elinformante.mx\/index.php?rest_route=\/wp\/v2\/media\/112692"}],"wp:attachment":[{"href":"https:\/\/elinformante.mx\/index.php?rest_route=%2Fwp%2Fv2%2Fmedia&parent=112688"}],"wp:term":[{"taxonomy":"category","embeddable":true,"href":"https:\/\/elinformante.mx\/index.php?rest_route=%2Fwp%2Fv2%2Fcategories&post=112688"},{"taxonomy":"post_tag","embeddable":true,"href":"https:\/\/elinformante.mx\/index.php?rest_route=%2Fwp%2Fv2%2Ftags&post=112688"}],"curies":[{"name":"wp","href":"https:\/\/api.w.org\/{rel}","templated":true}]}}