{"id":112698,"date":"2026-09-04T06:17:43","date_gmt":"2026-09-04T12:17:43","guid":{"rendered":"https:\/\/elinformante.mx\/?p=112698"},"modified":"2026-09-04T06:17:49","modified_gmt":"2026-09-04T12:17:49","slug":"gobernamos-desde-el-territorio-con-cercania-y-amor-sheinbaum","status":"publish","type":"post","link":"https:\/\/elinformante.mx\/?p=112698","title":{"rendered":"\u201cGOBERNAMOS DESDE EL TERRITORIO CON CERCAN\u00cdA Y AMOR\u201d: SHEINBAUM"},"content":{"rendered":"\n<figure class=\"wp-block-pullquote\"><blockquote><p>Desde Cuernavaca destac\u00f3 los avances de la Cuarta Transformaci\u00f3n en bienestar, salud, vivienda y educaci\u00f3n, y su compromiso con las familias morelenses.<\/p><\/blockquote><\/figure>\n\n\n\n<p class=\"has-drop-cap wp-block-paragraph\">Desde Morelos, primera entidad que visita como parte de su recorrido Honestidad y Resultados, la presidenta Claudia Sheinbaum Pardo afirm\u00f3 que su gobierno trabaja directamente desde el territorio, con cercan\u00eda a la poblaci\u00f3n y con el objetivo de mejorar las condiciones de vida de las familias mexicanas.<br><\/p>\n\n\n\n<p class=\"wp-block-paragraph\">\u201cLo m\u00e1s importante es que trabajamos todos los d\u00edas por el bienestar del pueblo de M\u00e9xico. Nosotros gobernamos de manera distinta, gobernamos desde el territorio y con cercan\u00eda a la gente, gobernamos con amor. Vamos bien y vamos a ir mejor\u201d, afirm\u00f3.<br><\/p>\n\n\n\n<p class=\"wp-block-paragraph\">La presidenta destac\u00f3 que los Programas para el Bienestar representan una pol\u00edtica p\u00fablica orientada a garantizar derechos sociales. En Morelos, este a\u00f1o la Pensi\u00f3n para el Bienestar de las Personas Adultas Mayores beneficia a 246 mil 476 personas; la Pensi\u00f3n para Personas con Discapacidad a 27 mil 102, y la Pensi\u00f3n Mujeres Bienestar a 61 mil 65 mujeres.<br><\/p>\n\n\n\n<figure class=\"wp-block-image size-large\"><img fetchpriority=\"high\" decoding=\"async\" width=\"1024\" height=\"506\" src=\"https:\/\/elinformante.mx\/wp-content\/uploads\/2026\/09\/9GOBERNAMOS-2-1024x506.jpg\" alt=\"\" class=\"wp-image-112702\" srcset=\"https:\/\/elinformante.mx\/wp-content\/uploads\/2026\/09\/9GOBERNAMOS-2-1024x506.jpg 1024w, https:\/\/elinformante.mx\/wp-content\/uploads\/2026\/09\/9GOBERNAMOS-2-300x148.jpg 300w, https:\/\/elinformante.mx\/wp-content\/uploads\/2026\/09\/9GOBERNAMOS-2-767x379.jpg 767w, https:\/\/elinformante.mx\/wp-content\/uploads\/2026\/09\/9GOBERNAMOS-2.jpg 1140w\" sizes=\"(max-width: 1024px) 100vw, 1024px\" \/><\/figure>\n\n\n\n<p class=\"wp-block-paragraph\">Tambi\u00e9n resalt\u00f3 los apoyos destinados a estudiantes, j\u00f3venes, productores del campo y familias, entre ellos las becas educativas, J\u00f3venes Construyendo el Futuro, Producci\u00f3n para el Bienestar, Fertilizantes Gratuitos, Sembrando Vida y Bienpesca.<br><\/p>\n\n\n\n<p class=\"wp-block-paragraph\">En materia de salud, inform\u00f3 que en la entidad se pondr\u00e1n en marcha 253 consultorios del Servicio Universal de Salud a partir de septiembre y durante los primeros meses de 2027. Adem\u00e1s, contin\u00faa la construcci\u00f3n de un hospital del IMSS en Yecapixtla y se han concretado obras como el hospital del IMSS Bienestar en Jiutepec y la ampliaci\u00f3n del Hospital de Alta Especialidad del ISSSTE en Emiliano Zapata.<br><\/p>\n\n\n\n<p class=\"wp-block-paragraph\">En vivienda, Sheinbaum se\u00f1al\u00f3 que la meta para Morelos es construir 24 mil viviendas, mientras que 62 mil 189 familias ya han sido beneficiadas mediante la reestructuraci\u00f3n de cr\u00e9ditos.<br><\/p>\n\n\n\n<p class=\"wp-block-paragraph\">En educaci\u00f3n, destac\u00f3 la ampliaci\u00f3n de espacios para estudiantes de nivel medio superior, con nuevas preparatorias y reconversiones, as\u00ed como el proyecto de una Universidad Nacional Rosario Castellanos en Ayala.<br><\/p>\n\n\n\n<figure class=\"wp-block-image size-large\"><img decoding=\"async\" width=\"1024\" height=\"506\" src=\"https:\/\/elinformante.mx\/wp-content\/uploads\/2026\/09\/9GOBERNAMOS-1024x506.jpg\" alt=\"\" class=\"wp-image-112703\" srcset=\"https:\/\/elinformante.mx\/wp-content\/uploads\/2026\/09\/9GOBERNAMOS-1024x506.jpg 1024w, https:\/\/elinformante.mx\/wp-content\/uploads\/2026\/09\/9GOBERNAMOS-300x148.jpg 300w, https:\/\/elinformante.mx\/wp-content\/uploads\/2026\/09\/9GOBERNAMOS-767x379.jpg 767w, https:\/\/elinformante.mx\/wp-content\/uploads\/2026\/09\/9GOBERNAMOS.jpg 1140w\" sizes=\"(max-width: 1024px) 100vw, 1024px\" \/><\/figure>\n\n\n\n<p class=\"wp-block-paragraph\">Asimismo, inform\u00f3 sobre obras de infraestructura que se encuentran en proceso, entre ellas la modernizaci\u00f3n de la carretera Cuautla-Tlapa, el acceso a la Universidad Aut\u00f3noma del Estado de Morelos, la modernizaci\u00f3n del Aeropuerto de Morelos y la tecnificaci\u00f3n de un Distrito de Riego.<br><\/p>\n\n\n\n<p class=\"wp-block-paragraph\">La mandataria tambi\u00e9n resalt\u00f3 que 82 comunidades recibieron recursos directos del Fondo de Aportaciones para la Infraestructura Social para Pueblos y Comunidades Ind\u00edgenas y Afromexicanas (FAISPIAM), adem\u00e1s de la puesta en operaci\u00f3n de 20 Centros LIBRE para las mujeres.<br><\/p>\n\n\n\n<p class=\"wp-block-paragraph\">Por su parte, la gobernadora de Morelos, Margarita Gonz\u00e1lez Saravia, reconoci\u00f3 el trabajo de la Presidenta y destac\u00f3 que durante estos dos a\u00f1os de gobierno ha atendido desde el territorio las principales necesidades de la entidad, particularmente en materia de seguridad, adem\u00e1s de reconocer la capacidad de las mujeres para encabezar responsabilidades de gobierno.<br><\/p>\n\n\n\n<p class=\"wp-block-paragraph\">Sheinbaum refrend\u00f3 finalmente que la transformaci\u00f3n del pa\u00eds continuar\u00e1 con una pol\u00edtica centrada en el bienestar de la poblaci\u00f3n, la soberan\u00eda nacional y la atenci\u00f3n directa a las necesidades de las comunidades.<\/p>\n","protected":false},"excerpt":{"rendered":"<p>Desde Cuernavaca destac\u00f3 los avances de la Cuarta Transformaci\u00f3n en bienestar, salud, vivienda y educaci\u00f3n, y su compromiso con las familias morelenses. Desde Morelos, primera entidad que visita como parte de su recorrido Honestidad y Resultados, la presidenta Claudia Sheinbaum Pardo afirm\u00f3 que su gobierno trabaja directamente desde el territorio, con cercan\u00eda a la poblaci\u00f3n [&hellip;]<\/p>\n","protected":false},"author":1,"featured_media":112701,"comment_status":"closed","ping_status":"closed","sticky":false,"template":"","format":"standard","meta":{"footnotes":""},"categories":[30,34,31],"tags":[47],"class_list":["post-112698","post","type-post","status-publish","format-standard","has-post-thumbnail","hentry","category-destacado","category-nacional","category-portada","tag-portadanacional"],"_links":{"self":[{"href":"https:\/\/elinformante.mx\/index.php?rest_route=\/wp\/v2\/posts\/112698","targetHints":{"allow":["GET"]}}],"collection":[{"href":"https:\/\/elinformante.mx\/index.php?rest_route=\/wp\/v2\/posts"}],"about":[{"href":"https:\/\/elinformante.mx\/index.php?rest_route=\/wp\/v2\/types\/post"}],"author":[{"embeddable":true,"href":"https:\/\/elinformante.mx\/index.php?rest_route=\/wp\/v2\/users\/1"}],"replies":[{"embeddable":true,"href":"https:\/\/elinformante.mx\/index.php?rest_route=%2Fwp%2Fv2%2Fcomments&post=112698"}],"version-history":[{"count":112704,"href":"https:\/\/elinformante.mx\/index.php?rest_route=\/wp\/v2\/posts\/112698\/revisions"}],"predecessor-version":[{"id":112704,"href":"https:\/\/elinformante.mx\/index.php?rest_route=\/wp\/v2\/posts\/112698\/revisions\/112704"}],"wp:featuredmedia":[{"embeddable":true,"href":"https:\/\/elinformante.mx\/index.php?rest_route=\/wp\/v2\/media\/112701"}],"wp:attachment":[{"href":"https:\/\/elinformante.mx\/index.php?rest_route=%2Fwp%2Fv2%2Fmedia&parent=112698"}],"wp:term":[{"taxonomy":"category","embeddable":true,"href":"https:\/\/elinformante.mx\/index.php?rest_route=%2Fwp%2Fv2%2Fcategories&post=112698"},{"taxonomy":"post_tag","embeddable":true,"href":"https:\/\/elinformante.mx\/index.php?rest_route=%2Fwp%2Fv2%2Ftags&post=112698"}],"curies":[{"name":"wp","href":"https:\/\/api.w.org\/{rel}","templated":true}]}}