{"id":112709,"date":"2026-09-04T10:52:04","date_gmt":"2026-09-04T16:52:04","guid":{"rendered":"https:\/\/elinformante.mx\/?p=112709"},"modified":"2026-09-04T10:52:08","modified_gmt":"2026-09-04T16:52:08","slug":"pan-abre-la-puerta-a-posibles-alianzas-con-el-pri-rumbo-a-las-elecciones-de-2027","status":"publish","type":"post","link":"https:\/\/elinformante.mx\/?p=112709","title":{"rendered":"PAN abre la puerta a posibles alianzas con el PRI rumbo a las elecciones de 2027"},"content":{"rendered":"\n<p class=\"wp-block-paragraph\">El dirigente nacional del PAN, Jorge Romero Herrera, asegur\u00f3 que las dirigencias locales de su partido tienen abierta la posibilidad de explorar eventuales alianzas con el PRI de cara a las elecciones de 2027.<\/p>\n\n\n\n<p class=\"wp-block-paragraph\">Durante una entrevista, Romero explic\u00f3 que los liderazgos estatales podr\u00e1n analizar las condiciones pol\u00edticas y electorales de cada entidad para determinar si una alianza con el PRI representa una alternativa competitiva en los pr\u00f3ximos comicios.<\/p>\n\n\n\n<p class=\"wp-block-paragraph\">Sin embargo, Jorge Romero dej\u00f3 claro que cualquier acuerdo deber\u00e1 contar con la aprobaci\u00f3n final del Comit\u00e9 Ejecutivo Nacional del PAN. \u201cLes guste o no\u201d, expres\u00f3 al se\u00f1alar que la dirigencia nacional tendr\u00e1 la \u00faltima palabra sobre las posibles coaliciones.<\/p>\n\n\n\n<p class=\"wp-block-paragraph\">El dirigente panista tambi\u00e9n fue cuestionado sobre la posibilidad de construir una alianza con Movimiento Ciudadano. Sobre este escenario, descart\u00f3 por ahora un acercamiento electoral: \u201cNo los veo bajo ninguna circunstancia\u201d, afirm\u00f3.<\/p>\n\n\n\n<p class=\"wp-block-paragraph\">Las declaraciones abren nuevamente el debate sobre la estrategia que seguir\u00e1 Acci\u00f3n Nacional rumbo a 2027. Mientras las estructuras locales podr\u00e1n explorar acuerdos con el PRI, la decisi\u00f3n definitiva sobre las alianzas quedar\u00e1 en manos de la dirigencia nacional.<\/p>\n","protected":false},"excerpt":{"rendered":"<p>El dirigente nacional del PAN, Jorge Romero Herrera, asegur\u00f3 que las dirigencias locales de su partido tienen abierta la posibilidad de explorar eventuales alianzas con el PRI de cara a las elecciones de 2027. Durante una entrevista, Romero explic\u00f3 que los liderazgos estatales podr\u00e1n analizar las condiciones pol\u00edticas y electorales de cada entidad para determinar [&hellip;]<\/p>\n","protected":false},"author":2,"featured_media":112710,"comment_status":"closed","ping_status":"closed","sticky":false,"template":"","format":"standard","meta":{"footnotes":""},"categories":[34],"tags":[2258,2381,2382,2384,2305,2383,2350,2257,2366,2302,140,2230,2196],"class_list":["post-112709","post","type-post","status-publish","format-standard","has-post-thumbnail","hentry","category-nacional","tag-accion-nacional","tag-alianza-pan-pri","tag-alianzas-electorales","tag-cen-pan","tag-coalicion-electoral","tag-comite-ejecutivo-nacional","tag-elecciones-2027","tag-jorge-romero-herrera","tag-movimiento-ciudadano","tag-oposicion","tag-pan","tag-partidos-politicos","tag-politica-nacional"],"_links":{"self":[{"href":"https:\/\/elinformante.mx\/index.php?rest_route=\/wp\/v2\/posts\/112709","targetHints":{"allow":["GET"]}}],"collection":[{"href":"https:\/\/elinformante.mx\/index.php?rest_route=\/wp\/v2\/posts"}],"about":[{"href":"https:\/\/elinformante.mx\/index.php?rest_route=\/wp\/v2\/types\/post"}],"author":[{"embeddable":true,"href":"https:\/\/elinformante.mx\/index.php?rest_route=\/wp\/v2\/users\/2"}],"replies":[{"embeddable":true,"href":"https:\/\/elinformante.mx\/index.php?rest_route=%2Fwp%2Fv2%2Fcomments&post=112709"}],"version-history":[{"count":112711,"href":"https:\/\/elinformante.mx\/index.php?rest_route=\/wp\/v2\/posts\/112709\/revisions"}],"predecessor-version":[{"id":112711,"href":"https:\/\/elinformante.mx\/index.php?rest_route=\/wp\/v2\/posts\/112709\/revisions\/112711"}],"wp:featuredmedia":[{"embeddable":true,"href":"https:\/\/elinformante.mx\/index.php?rest_route=\/wp\/v2\/media\/112710"}],"wp:attachment":[{"href":"https:\/\/elinformante.mx\/index.php?rest_route=%2Fwp%2Fv2%2Fmedia&parent=112709"}],"wp:term":[{"taxonomy":"category","embeddable":true,"href":"https:\/\/elinformante.mx\/index.php?rest_route=%2Fwp%2Fv2%2Fcategories&post=112709"},{"taxonomy":"post_tag","embeddable":true,"href":"https:\/\/elinformante.mx\/index.php?rest_route=%2Fwp%2Fv2%2Ftags&post=112709"}],"curies":[{"name":"wp","href":"https:\/\/api.w.org\/{rel}","templated":true}]}}