{"id":112712,"date":"2026-09-04T11:48:00","date_gmt":"2026-09-04T17:48:00","guid":{"rendered":"https:\/\/elinformante.mx\/?p=112712"},"modified":"2026-09-04T11:48:08","modified_gmt":"2026-09-04T17:48:08","slug":"sheinbaum-reafirma-defensa-de-la-soberania-de-mexico-ante-amenazas-arancelarias","status":"publish","type":"post","link":"https:\/\/elinformante.mx\/?p=112712","title":{"rendered":"Sheinbaum reafirma defensa de la soberan\u00eda de M\u00e9xico ante amenazas arancelarias"},"content":{"rendered":"\n<p class=\"wp-block-paragraph\">Desde Durango, la presidenta Claudia Sheinbaum reiter\u00f3 que su gobierno mantendr\u00e1 como prioridad la defensa de la soberan\u00eda nacional ante las tensiones comerciales y las amenazas de imposici\u00f3n de nuevos aranceles a productos mexicanos.<\/p>\n\n\n\n<p class=\"wp-block-paragraph\">La mandataria se\u00f1al\u00f3 que M\u00e9xico continuar\u00e1 privilegiando el di\u00e1logo y el entendimiento como v\u00edas para mantener una relaci\u00f3n de cooperaci\u00f3n con otros pa\u00edses y encontrar acuerdos frente a las diferencias comerciales.<\/p>\n\n\n\n<p class=\"wp-block-paragraph\">Sin embargo, Sheinbaum sostuvo que existen principios que no estar\u00e1n sujetos a negociaci\u00f3n. \u201cNunca negociaremos la soberan\u00eda de M\u00e9xico\u201d, afirm\u00f3 al destacar tambi\u00e9n la importancia de preservar la libertad y capacidad de decisi\u00f3n del pa\u00eds.<\/p>\n\n\n\n<p class=\"wp-block-paragraph\">La presidenta asegur\u00f3 que su administraci\u00f3n buscar\u00e1 acuerdos que beneficien a M\u00e9xico sin renunciar a la defensa de los intereses nacionales. Su posicionamiento ocurre en un contexto de negociaciones para evitar nuevas medidas arancelarias que puedan afectar el intercambio comercial.<\/p>\n\n\n\n<p class=\"wp-block-paragraph\">Durante su mensaje en Durango, Claudia Sheinbaum insisti\u00f3 en que su gobierno mantendr\u00e1 abiertos los canales de comunicaci\u00f3n y apostar\u00e1 por el entendimiento, pero reiter\u00f3 que la soberan\u00eda y la libertad de los mexicanos ser\u00e1n principios fundamentales de su administraci\u00f3n.<\/p>\n","protected":false},"excerpt":{"rendered":"<p>Desde Durango, la presidenta Claudia Sheinbaum reiter\u00f3 que su gobierno mantendr\u00e1 como prioridad la defensa de la soberan\u00eda nacional ante las tensiones comerciales y las amenazas de imposici\u00f3n de nuevos aranceles a productos mexicanos. La mandataria se\u00f1al\u00f3 que M\u00e9xico continuar\u00e1 privilegiando el di\u00e1logo y el entendimiento como v\u00edas para mantener una relaci\u00f3n de cooperaci\u00f3n con [&hellip;]<\/p>\n","protected":false},"author":2,"featured_media":112713,"comment_status":"closed","ping_status":"closed","sticky":false,"template":"","format":"standard","meta":{"footnotes":""},"categories":[34],"tags":[2237,91,2244,2388,2385,2389,2193,657,77,2196,2221,2387,2386,2197],"class_list":["post-112712","post","type-post","status-publish","format-standard","has-post-thumbnail","hentry","category-nacional","tag-aranceles","tag-claudia-sheinbaum","tag-comercio-exterior","tag-dialogo","tag-durango","tag-economia-mexicana","tag-gobierno-de-mexico","tag-mexico","tag-politica-mexicana","tag-politica-nacional","tag-presidencia-de-mexico","tag-relaciones-internacionales","tag-soberania-de-mexico","tag-soberania-nacional"],"_links":{"self":[{"href":"https:\/\/elinformante.mx\/index.php?rest_route=\/wp\/v2\/posts\/112712","targetHints":{"allow":["GET"]}}],"collection":[{"href":"https:\/\/elinformante.mx\/index.php?rest_route=\/wp\/v2\/posts"}],"about":[{"href":"https:\/\/elinformante.mx\/index.php?rest_route=\/wp\/v2\/types\/post"}],"author":[{"embeddable":true,"href":"https:\/\/elinformante.mx\/index.php?rest_route=\/wp\/v2\/users\/2"}],"replies":[{"embeddable":true,"href":"https:\/\/elinformante.mx\/index.php?rest_route=%2Fwp%2Fv2%2Fcomments&post=112712"}],"version-history":[{"count":112714,"href":"https:\/\/elinformante.mx\/index.php?rest_route=\/wp\/v2\/posts\/112712\/revisions"}],"predecessor-version":[{"id":112714,"href":"https:\/\/elinformante.mx\/index.php?rest_route=\/wp\/v2\/posts\/112712\/revisions\/112714"}],"wp:featuredmedia":[{"embeddable":true,"href":"https:\/\/elinformante.mx\/index.php?rest_route=\/wp\/v2\/media\/112713"}],"wp:attachment":[{"href":"https:\/\/elinformante.mx\/index.php?rest_route=%2Fwp%2Fv2%2Fmedia&parent=112712"}],"wp:term":[{"taxonomy":"category","embeddable":true,"href":"https:\/\/elinformante.mx\/index.php?rest_route=%2Fwp%2Fv2%2Fcategories&post=112712"},{"taxonomy":"post_tag","embeddable":true,"href":"https:\/\/elinformante.mx\/index.php?rest_route=%2Fwp%2Fv2%2Ftags&post=112712"}],"curies":[{"name":"wp","href":"https:\/\/api.w.org\/{rel}","templated":true}]}}