{"id":112715,"date":"2026-09-04T13:06:37","date_gmt":"2026-09-04T19:06:37","guid":{"rendered":"https:\/\/elinformante.mx\/?p=112715"},"modified":"2026-09-04T13:06:41","modified_gmt":"2026-09-04T19:06:41","slug":"tren-felipe-angeles-beneficia-a-mas-de-3-millones-y-conecta-al-edomex-con-el-aifa","status":"publish","type":"post","link":"https:\/\/elinformante.mx\/?p=112715","title":{"rendered":"TREN FELIPE \u00c1NGELES BENEFICIA A M\u00c1S DE 3 MILLONES Y CONECTA AL EDOM\u00c9X CON EL AIFA"},"content":{"rendered":"\n<p class=\"wp-block-paragraph\">El <strong>Tren Felipe \u00c1ngeles<\/strong>, a trav\u00e9s del tramo <strong>Lecher\u00eda-AIFA<\/strong>, se consolida como una nueva alternativa de movilidad para la Zona Metropolitana del Estado de M\u00e9xico, con un beneficio estimado para <strong>m\u00e1s de 3 millones de personas<\/strong> y una demanda superior a <strong>82 mil pasajeros diarios<\/strong>.<\/p>\n\n\n\n<p class=\"wp-block-paragraph\">La obra fue destacada por la presidenta <strong>Claudia Sheinbaum Pardo<\/strong> durante su Segundo Informe de Gobierno en Palacio Nacional, donde estuvo acompa\u00f1ada por la gobernadora del Estado de M\u00e9xico, <strong>Delfina G\u00f3mez \u00c1lvarez<\/strong>. El proyecto conecta principalmente a habitantes de <strong>Tultitl\u00e1n, Tultepec, Nextlalpan y Zumpango<\/strong> con el Aeropuerto Internacional Felipe \u00c1ngeles y otros puntos del Valle de M\u00e9xico.<\/p>\n\n\n\n<p class=\"wp-block-paragraph\">Inaugurado en abril de 2026, el tramo cuenta con <strong>22.94 kil\u00f3metros de longitud, seis estaciones y una terminal<\/strong>, adem\u00e1s de 10 trenes con capacidad para transportar hasta <strong>719 pasajeros cada uno<\/strong>, fortaleciendo la conectividad regional y el acceso al aeropuerto.<\/p>\n\n\n\n<p class=\"wp-block-paragraph\">Durante su informe, Sheinbaum tambi\u00e9n destac\u00f3 el crecimiento del <strong>AIFA<\/strong>, que registr\u00f3 <strong>3.6 millones de pasajeros durante el primer semestre de 2026<\/strong>, como parte de la consolidaci\u00f3n de la infraestructura aeroportuaria y ferroviaria de la regi\u00f3n.<\/p>\n","protected":false},"excerpt":{"rendered":"<p>El Tren Felipe \u00c1ngeles, a trav\u00e9s del tramo Lecher\u00eda-AIFA, se consolida como una nueva alternativa de movilidad para la Zona Metropolitana del Estado de M\u00e9xico, con un beneficio estimado para m\u00e1s de 3 millones de personas y una demanda superior a 82 mil pasajeros diarios. La obra fue destacada por la presidenta Claudia Sheinbaum Pardo [&hellip;]<\/p>\n","protected":false},"author":2,"featured_media":112716,"comment_status":"closed","ping_status":"closed","sticky":false,"template":"","format":"standard","meta":{"footnotes":""},"categories":[36],"tags":[],"class_list":["post-112715","post","type-post","status-publish","format-standard","has-post-thumbnail","hentry","category-edomex"],"_links":{"self":[{"href":"https:\/\/elinformante.mx\/index.php?rest_route=\/wp\/v2\/posts\/112715","targetHints":{"allow":["GET"]}}],"collection":[{"href":"https:\/\/elinformante.mx\/index.php?rest_route=\/wp\/v2\/posts"}],"about":[{"href":"https:\/\/elinformante.mx\/index.php?rest_route=\/wp\/v2\/types\/post"}],"author":[{"embeddable":true,"href":"https:\/\/elinformante.mx\/index.php?rest_route=\/wp\/v2\/users\/2"}],"replies":[{"embeddable":true,"href":"https:\/\/elinformante.mx\/index.php?rest_route=%2Fwp%2Fv2%2Fcomments&post=112715"}],"version-history":[{"count":112717,"href":"https:\/\/elinformante.mx\/index.php?rest_route=\/wp\/v2\/posts\/112715\/revisions"}],"predecessor-version":[{"id":112717,"href":"https:\/\/elinformante.mx\/index.php?rest_route=\/wp\/v2\/posts\/112715\/revisions\/112717"}],"wp:featuredmedia":[{"embeddable":true,"href":"https:\/\/elinformante.mx\/index.php?rest_route=\/wp\/v2\/media\/112716"}],"wp:attachment":[{"href":"https:\/\/elinformante.mx\/index.php?rest_route=%2Fwp%2Fv2%2Fmedia&parent=112715"}],"wp:term":[{"taxonomy":"category","embeddable":true,"href":"https:\/\/elinformante.mx\/index.php?rest_route=%2Fwp%2Fv2%2Fcategories&post=112715"},{"taxonomy":"post_tag","embeddable":true,"href":"https:\/\/elinformante.mx\/index.php?rest_route=%2Fwp%2Fv2%2Ftags&post=112715"}],"curies":[{"name":"wp","href":"https:\/\/api.w.org\/{rel}","templated":true}]}}