{"id":17850,"date":"2023-01-13T15:27:06","date_gmt":"2023-01-13T15:27:06","guid":{"rendered":"https:\/\/elinformante.mx\/?p=17850"},"modified":"2023-01-30T17:04:57","modified_gmt":"2023-01-30T17:04:57","slug":"aprehenden-a-hombre-investigado-por-homicidio-de-un-nino-en-lerma","status":"publish","type":"post","link":"https:\/\/elinformante.mx\/?p=17850","title":{"rendered":"Aprehenden a hombre investigado por homicidio de un ni\u00f1o en Lerma"},"content":{"rendered":"\n<p>Agentes de la Fiscal\u00eda General de Justicia del Estado de M\u00e9xico (FGJEM) cumplimentaron orden de aprehensi\u00f3n en contra de Javier \u201cN\u201d, quien es investigado por su probable participaci\u00f3n en el homicidio de un menor de 1 a\u00f1o y 4 meses, hijo de su actual pareja sentimental.<br><\/p>\n\n\n\n<p>El detenido fue ingresado al Centro Penitenciario y de Reinserci\u00f3n Social de la zona, donde qued\u00f3 a disposici\u00f3n de un Juez, quien habr\u00e1 de determinar su situaci\u00f3n legal.<br><\/p>\n\n\n\n<p>De acuerdo con la indagatoria iniciada, el pasado 7 de enero este individuo habr\u00eda golpeado en varias partes del cuerpo a la v\u00edctima, quien falleci\u00f3 derivado de las lesiones que present\u00f3.<br><\/p>\n\n\n\n<p>El d\u00eda de los hechos, el ahora detenido, su pareja sentimental y el hijo de \u00e9sta se encontraban al interior de un inmueble ubicado en la colonia Adolfo L\u00f3pez Mateos, en el municipio de Lerma. En alg\u00fan momento este individuo ingres\u00f3 a una habitaci\u00f3n donde se encontraba el menor, a quien habr\u00eda golpeado en diversas partes del cuerpo.<br><\/p>\n\n\n\n<p>Derivado de esta agresi\u00f3n el peque\u00f1o falleci\u00f3, por ello la FGJEM inici\u00f3 la indagatoria respectiva y con el avance en la indagatoria, el Representante Social solicit\u00f3 al \u00d3rgano Jurisdiccional librar orden de aprehensi\u00f3n en contra del posible implicado.<\/p>\n","protected":false},"excerpt":{"rendered":"<p>Agentes de la Fiscal\u00eda General de Justicia del Estado de M\u00e9xico (FGJEM) cumplimentaron orden de aprehensi\u00f3n en contra de Javier \u201cN\u201d, quien es investigado por su probable participaci\u00f3n en el homicidio de un menor de 1 a\u00f1o y 4 meses, hijo de su actual pareja sentimental. El detenido fue ingresado al Centro Penitenciario y de [&hellip;]<\/p>\n","protected":false},"author":1,"featured_media":17851,"comment_status":"open","ping_status":"open","sticky":false,"template":"","format":"standard","meta":{"footnotes":""},"categories":[37],"tags":[],"class_list":["post-17850","post","type-post","status-publish","format-standard","has-post-thumbnail","hentry","category-justicia"],"_links":{"self":[{"href":"https:\/\/elinformante.mx\/index.php?rest_route=\/wp\/v2\/posts\/17850","targetHints":{"allow":["GET"]}}],"collection":[{"href":"https:\/\/elinformante.mx\/index.php?rest_route=\/wp\/v2\/posts"}],"about":[{"href":"https:\/\/elinformante.mx\/index.php?rest_route=\/wp\/v2\/types\/post"}],"author":[{"embeddable":true,"href":"https:\/\/elinformante.mx\/index.php?rest_route=\/wp\/v2\/users\/1"}],"replies":[{"embeddable":true,"href":"https:\/\/elinformante.mx\/index.php?rest_route=%2Fwp%2Fv2%2Fcomments&post=17850"}],"version-history":[{"count":0,"href":"https:\/\/elinformante.mx\/index.php?rest_route=\/wp\/v2\/posts\/17850\/revisions"}],"wp:featuredmedia":[{"embeddable":true,"href":"https:\/\/elinformante.mx\/index.php?rest_route=\/wp\/v2\/media\/17851"}],"wp:attachment":[{"href":"https:\/\/elinformante.mx\/index.php?rest_route=%2Fwp%2Fv2%2Fmedia&parent=17850"}],"wp:term":[{"taxonomy":"category","embeddable":true,"href":"https:\/\/elinformante.mx\/index.php?rest_route=%2Fwp%2Fv2%2Fcategories&post=17850"},{"taxonomy":"post_tag","embeddable":true,"href":"https:\/\/elinformante.mx\/index.php?rest_route=%2Fwp%2Fv2%2Ftags&post=17850"}],"curies":[{"name":"wp","href":"https:\/\/api.w.org\/{rel}","templated":true}]}}