{"id":17867,"date":"2023-01-13T15:30:22","date_gmt":"2023-01-13T15:30:22","guid":{"rendered":"https:\/\/elinformante.mx\/?p=17867"},"modified":"2023-01-30T16:57:09","modified_gmt":"2023-01-30T16:57:09","slug":"inauguran-en-lerma-galeria-de-artes-2023-en-el-museo-zanbatha","status":"publish","type":"post","link":"https:\/\/elinformante.mx\/?p=17867","title":{"rendered":"Inauguran en Lerma \u201cGaler\u00eda de Artes 2023\u201d en el Museo Zanbatha"},"content":{"rendered":"\n<blockquote class=\"wp-block-quote is-layout-flow wp-block-quote-is-layout-flow\">\n<p>Cuenta con obras art\u00edsticas de los subsistemas escolares de Bachillerato General, Bachillerato Tecnol\u00f3gico y Telebachillerato Comunitario del Estado de M\u00e9xico.<\/p>\n<\/blockquote>\n\n\n\n<p>Con el objetivo de promover las obras art\u00edsticas realizadas por los estudiantes del nivel medio superior, as\u00ed como impulsar la participaci\u00f3n en las expresiones art\u00edsticas que contribuyan a la formaci\u00f3n integral de los estudiantes del Estado de M\u00e9xico, se inaugur\u00f3 la \u201cGaler\u00eda de Artes 2023\u201d, en el Museo Zanbatha.<br><\/p>\n\n\n\n<p>Es as\u00ed que la Subsecretar\u00eda de Educaci\u00f3n Media Superior, a trav\u00e9s de la Direcci\u00f3n General de Fortalecimiento Acad\u00e9mico, inaugur\u00f3 la \u201cGaler\u00eda de Artes 2023\u201d en el Museo Zanbatha, en Lerma, Estado de M\u00e9xico, la cual estar\u00e1 exhibida al p\u00fablico durante un mes, del 11 de enero al 12 de febrero de 2023.<br><\/p>\n\n\n\n<p>Las disciplinas que se exponen en el Museo Zanbatha, ubicado en avenida Hidalgo n\u00famero 22, colonia Centro, en Lerma, son dibujo, pintura, escultura y fotograf\u00eda, con tema libre.<br><\/p>\n\n\n\n<p>Este emblem\u00e1tico lugar, que conserva su fachada original de finales del siglo XIX, alberga en su interior los restos \u00f3seos de un mamut, encontrados a extramuros de la ciudad, los cuales tambi\u00e9n se pueden apreciar frente a una reproducci\u00f3n de este gran mam\u00edfero.<br><\/p>\n\n\n\n<p>Los horarios del Museo Zanbatha son de 10:00 a 18:00 horas, de martes a viernes; s\u00e1bado, de 10:00 a 16:00 horas, y domingo, de 10:00 a 15:00 horas.<\/p>\n","protected":false},"excerpt":{"rendered":"<p>Cuenta con obras art\u00edsticas de los subsistemas escolares de Bachillerato General, Bachillerato Tecnol\u00f3gico y Telebachillerato Comunitario del Estado de M\u00e9xico. Con el objetivo de promover las obras art\u00edsticas realizadas por los estudiantes del nivel medio superior, as\u00ed como impulsar la participaci\u00f3n en las expresiones art\u00edsticas que contribuyan a la formaci\u00f3n integral de los estudiantes del [&hellip;]<\/p>\n","protected":false},"author":1,"featured_media":17868,"comment_status":"open","ping_status":"open","sticky":false,"template":"","format":"standard","meta":{"footnotes":""},"categories":[36],"tags":[],"class_list":["post-17867","post","type-post","status-publish","format-standard","has-post-thumbnail","hentry","category-edomex"],"_links":{"self":[{"href":"https:\/\/elinformante.mx\/index.php?rest_route=\/wp\/v2\/posts\/17867","targetHints":{"allow":["GET"]}}],"collection":[{"href":"https:\/\/elinformante.mx\/index.php?rest_route=\/wp\/v2\/posts"}],"about":[{"href":"https:\/\/elinformante.mx\/index.php?rest_route=\/wp\/v2\/types\/post"}],"author":[{"embeddable":true,"href":"https:\/\/elinformante.mx\/index.php?rest_route=\/wp\/v2\/users\/1"}],"replies":[{"embeddable":true,"href":"https:\/\/elinformante.mx\/index.php?rest_route=%2Fwp%2Fv2%2Fcomments&post=17867"}],"version-history":[{"count":0,"href":"https:\/\/elinformante.mx\/index.php?rest_route=\/wp\/v2\/posts\/17867\/revisions"}],"wp:featuredmedia":[{"embeddable":true,"href":"https:\/\/elinformante.mx\/index.php?rest_route=\/wp\/v2\/media\/17868"}],"wp:attachment":[{"href":"https:\/\/elinformante.mx\/index.php?rest_route=%2Fwp%2Fv2%2Fmedia&parent=17867"}],"wp:term":[{"taxonomy":"category","embeddable":true,"href":"https:\/\/elinformante.mx\/index.php?rest_route=%2Fwp%2Fv2%2Fcategories&post=17867"},{"taxonomy":"post_tag","embeddable":true,"href":"https:\/\/elinformante.mx\/index.php?rest_route=%2Fwp%2Fv2%2Ftags&post=17867"}],"curies":[{"name":"wp","href":"https:\/\/api.w.org\/{rel}","templated":true}]}}